{"id":7658,"date":"2020-02-17T14:11:20","date_gmt":"2020-02-17T14:11:20","guid":{"rendered":"https:\/\/arroyitoonline.com.ar\/?p=7658"},"modified":"2020-02-17T14:15:02","modified_gmt":"2020-02-17T14:15:02","slug":"el-reconocido-chef-de-arroyito-mariano-guardianelli-fue-nombrado-vecino-destacado","status":"publish","type":"post","link":"https:\/\/arroyitoonline.com.ar\/?p=7658","title":{"rendered":"El reconocido chef de Arroyito, Mariano Guardianelli, fue nombrado Vecino Destacado"},"content":{"rendered":"\n<p><strong>En su visita a nuestra ciudad, el cocinero radicado en Rimini (Italia), que obtuvo en 2018 una estrella Michel\u00edn, fue recibido por Benedetti.<\/strong><\/p>\n\n\n\n<p>En el marco de la visita del reconocido chef de Arroyito Mariano Guardianelli a nuestra ciudad, el intendente municipal Gustavo Benedetti distingui\u00f3 su gran trayectoria internacional con el t\u00edtulo de <em>\u201cVecino Destacado\u201d<\/em>.<\/p>\n\n\n\n<figure class=\"wp-block-image\"><img loading=\"lazy\" decoding=\"async\" width=\"1024\" height=\"767\" src=\"https:\/\/arroyitoonline.com.ar\/wp-content\/uploads\/2020\/02\/mariano-guardianelli-ciudadano-destacado-2-1024x767.jpeg\" alt=\"\" class=\"wp-image-7660\" srcset=\"https:\/\/arroyitoonline.com.ar\/wp-content\/uploads\/2020\/02\/mariano-guardianelli-ciudadano-destacado-2-1024x767.jpeg 1024w, https:\/\/arroyitoonline.com.ar\/wp-content\/uploads\/2020\/02\/mariano-guardianelli-ciudadano-destacado-2-300x225.jpeg 300w, https:\/\/arroyitoonline.com.ar\/wp-content\/uploads\/2020\/02\/mariano-guardianelli-ciudadano-destacado-2-768x576.jpeg 768w, https:\/\/arroyitoonline.com.ar\/wp-content\/uploads\/2020\/02\/mariano-guardianelli-ciudadano-destacado-2.jpeg 1213w\" sizes=\"auto, (max-width: 1024px) 100vw, 1024px\" \/><figcaption><em>En 2018, Guardianelli recibi\u00f3 uno de los m\u00e1ximos reconocimientos del rubro, una estrella Michel\u00edn, por su restaurante Abocar Due Cucine.<\/em><\/figcaption><\/figure>\n\n\n\n<p>Desde hace tiempo, este cocinero argentino est\u00e1 radicado en Rimini (Italia) y es due\u00f1o del famos\u00edsimo restaurante Abocar Due Cucine, por el que fue premiado, en 2018, con una estrella Michel\u00edn. El galard\u00f3n se entrega a quienes que se destacan en el rubro gastron\u00f3mico por su calidad, creatividad y el cuidado de los platos.<\/p>\n\n\n\n<p>Adem\u00e1s, el distinguido chef fue premiado en el pa\u00eds italiano con el Diploma de Reconocimiento, a los argentinos\u00a0Distinguidos en el Mundo, homenaje a su carrera.<\/p>\n\n\n\n<p>Fuente: Comunicaci\u00f3n y Protocolo.<\/p>\n","protected":false},"excerpt":{"rendered":"<p>En su visita a nuestra ciudad, el cocinero radicado en Rimini (Italia), que obtuvo en 2018 una estrella Michel\u00edn, fue&hellip;<\/p>\n","protected":false},"author":3,"featured_media":7659,"comment_status":"closed","ping_status":"open","sticky":false,"template":"","format":"standard","meta":{"footnotes":""},"categories":[866],"tags":[66,67,836,115,399,968,463,556,572],"class_list":["post-7658","post","type-post","status-publish","format-standard","has-post-thumbnail","hentry","category-historias-online","tag-arroyito","tag-arroyito-cordoba","tag-arroyito-online","tag-benedetti","tag-gastronomia","tag-gustavo-benedetti","tag-italia","tag-municipalidad-de-arroyito","tag-noticias-de-arroyito-y-zona"],"_links":{"self":[{"href":"https:\/\/arroyitoonline.com.ar\/index.php?rest_route=\/wp\/v2\/posts\/7658","targetHints":{"allow":["GET"]}}],"collection":[{"href":"https:\/\/arroyitoonline.com.ar\/index.php?rest_route=\/wp\/v2\/posts"}],"about":[{"href":"https:\/\/arroyitoonline.com.ar\/index.php?rest_route=\/wp\/v2\/types\/post"}],"author":[{"embeddable":true,"href":"https:\/\/arroyitoonline.com.ar\/index.php?rest_route=\/wp\/v2\/users\/3"}],"replies":[{"embeddable":true,"href":"https:\/\/arroyitoonline.com.ar\/index.php?rest_route=%2Fwp%2Fv2%2Fcomments&post=7658"}],"version-history":[{"count":2,"href":"https:\/\/arroyitoonline.com.ar\/index.php?rest_route=\/wp\/v2\/posts\/7658\/revisions"}],"predecessor-version":[{"id":7662,"href":"https:\/\/arroyitoonline.com.ar\/index.php?rest_route=\/wp\/v2\/posts\/7658\/revisions\/7662"}],"wp:featuredmedia":[{"embeddable":true,"href":"https:\/\/arroyitoonline.com.ar\/index.php?rest_route=\/wp\/v2\/media\/7659"}],"wp:attachment":[{"href":"https:\/\/arroyitoonline.com.ar\/index.php?rest_route=%2Fwp%2Fv2%2Fmedia&parent=7658"}],"wp:term":[{"taxonomy":"category","embeddable":true,"href":"https:\/\/arroyitoonline.com.ar\/index.php?rest_route=%2Fwp%2Fv2%2Fcategories&post=7658"},{"taxonomy":"post_tag","embeddable":true,"href":"https:\/\/arroyitoonline.com.ar\/index.php?rest_route=%2Fwp%2Fv2%2Ftags&post=7658"}],"curies":[{"name":"wp","href":"https:\/\/api.w.org\/{rel}","templated":true}]}}