{"id":7672,"date":"2020-02-18T12:22:16","date_gmt":"2020-02-18T12:22:16","guid":{"rendered":"https:\/\/arroyitoonline.com.ar\/?p=7672"},"modified":"2020-02-18T12:22:21","modified_gmt":"2020-02-18T12:22:21","slug":"el-hospital-y-bomberos-dictaran-un-curso-de-rcp","status":"publish","type":"post","link":"https:\/\/arroyitoonline.com.ar\/?p=7672","title":{"rendered":"El hospital y Bomberos dictar\u00e1n un curso de RCP"},"content":{"rendered":"\n<p><strong>La capacitaci\u00f3n incluir\u00e1 las tem\u00e1ticas Reanimaci\u00f3n Cardiopulmonar y Primeros Auxilios en la V\u00eda P\u00fablica.<\/strong><\/p>\n\n\n\n<p>El Hospital Municipal Carlos J. Rodr\u00edguez dictar\u00e1 un Curso de <a href=\"https:\/\/medlineplus.gov\/spanish\/ency\/article\/000010.htm\">Reanimaci\u00f3n Cardiopulmonar (RCP)<\/a> y Primeros Auxilios en la V\u00eda P\u00fablica,\u00a0este s\u00e1bado 7 de marzo de 10:00 a 13:00 horas, en el Teatrillo Municipal Jos\u00e9 Francisco Guarch.<\/p>\n\n\n\n<p>La organizaci\u00f3n de esta capacitaci\u00f3n resulta de un trabajo en conjunto con Bomberos Voluntarios de Arroyito, quienes estar\u00e1n a cargo de su dictado.<\/p>\n\n\n\n<figure class=\"wp-block-image\"><img loading=\"lazy\" decoding=\"async\" width=\"1024\" height=\"1024\" src=\"https:\/\/arroyitoonline.com.ar\/wp-content\/uploads\/2020\/02\/cursoRCP-1024x1024.jpeg\" alt=\"\" class=\"wp-image-7673\" srcset=\"https:\/\/arroyitoonline.com.ar\/wp-content\/uploads\/2020\/02\/cursoRCP-1024x1024.jpeg 1024w, https:\/\/arroyitoonline.com.ar\/wp-content\/uploads\/2020\/02\/cursoRCP-150x150.jpeg 150w, https:\/\/arroyitoonline.com.ar\/wp-content\/uploads\/2020\/02\/cursoRCP-300x300.jpeg 300w, https:\/\/arroyitoonline.com.ar\/wp-content\/uploads\/2020\/02\/cursoRCP-768x768.jpeg 768w, https:\/\/arroyitoonline.com.ar\/wp-content\/uploads\/2020\/02\/cursoRCP.jpeg 1181w\" sizes=\"auto, (max-width: 1024px) 100vw, 1024px\" \/><\/figure>\n\n\n\n<p>Las personas interesadas en participar deben inscribirse en el edificio del nosocomio local, en los horarios de atenci\u00f3n al p\u00fablico.<\/p>\n\n\n\n<p>Fuente: Comunicaci\u00f3n y Protocolo.<\/p>\n\n\n\n<p>Foto de portada solo a modo ilustrativo.<\/p>\n","protected":false},"excerpt":{"rendered":"<p>La capacitaci\u00f3n incluir\u00e1 las tem\u00e1ticas Reanimaci\u00f3n Cardiopulmonar y Primeros Auxilios en la V\u00eda P\u00fablica. El Hospital Municipal Carlos J. Rodr\u00edguez&hellip;<\/p>\n","protected":false},"author":3,"featured_media":7674,"comment_status":"closed","ping_status":"open","sticky":false,"template":"","format":"standard","meta":{"footnotes":""},"categories":[9],"tags":[66,67,836,127,128,129,426,556,572,1082,706],"class_list":["post-7672","post","type-post","status-publish","format-standard","has-post-thumbnail","hentry","category-infosalud","tag-arroyito","tag-arroyito-cordoba","tag-arroyito-online","tag-bomberos-arroyito","tag-bomberos-de-arroyito","tag-bomberos-voluntarios","tag-hospital","tag-municipalidad-de-arroyito","tag-noticias-de-arroyito-y-zona","tag-rcp","tag-salud"],"_links":{"self":[{"href":"https:\/\/arroyitoonline.com.ar\/index.php?rest_route=\/wp\/v2\/posts\/7672","targetHints":{"allow":["GET"]}}],"collection":[{"href":"https:\/\/arroyitoonline.com.ar\/index.php?rest_route=\/wp\/v2\/posts"}],"about":[{"href":"https:\/\/arroyitoonline.com.ar\/index.php?rest_route=\/wp\/v2\/types\/post"}],"author":[{"embeddable":true,"href":"https:\/\/arroyitoonline.com.ar\/index.php?rest_route=\/wp\/v2\/users\/3"}],"replies":[{"embeddable":true,"href":"https:\/\/arroyitoonline.com.ar\/index.php?rest_route=%2Fwp%2Fv2%2Fcomments&post=7672"}],"version-history":[{"count":1,"href":"https:\/\/arroyitoonline.com.ar\/index.php?rest_route=\/wp\/v2\/posts\/7672\/revisions"}],"predecessor-version":[{"id":7675,"href":"https:\/\/arroyitoonline.com.ar\/index.php?rest_route=\/wp\/v2\/posts\/7672\/revisions\/7675"}],"wp:featuredmedia":[{"embeddable":true,"href":"https:\/\/arroyitoonline.com.ar\/index.php?rest_route=\/wp\/v2\/media\/7674"}],"wp:attachment":[{"href":"https:\/\/arroyitoonline.com.ar\/index.php?rest_route=%2Fwp%2Fv2%2Fmedia&parent=7672"}],"wp:term":[{"taxonomy":"category","embeddable":true,"href":"https:\/\/arroyitoonline.com.ar\/index.php?rest_route=%2Fwp%2Fv2%2Fcategories&post=7672"},{"taxonomy":"post_tag","embeddable":true,"href":"https:\/\/arroyitoonline.com.ar\/index.php?rest_route=%2Fwp%2Fv2%2Ftags&post=7672"}],"curies":[{"name":"wp","href":"https:\/\/api.w.org\/{rel}","templated":true}]}}