{"id":7678,"date":"2020-02-18T13:29:49","date_gmt":"2020-02-18T13:29:49","guid":{"rendered":"https:\/\/arroyitoonline.com.ar\/?p=7678"},"modified":"2020-02-18T13:30:07","modified_gmt":"2020-02-18T13:30:07","slug":"finalizaron-las-actividades-de-la-escuela-de-verano-municipal","status":"publish","type":"post","link":"https:\/\/arroyitoonline.com.ar\/?p=7678","title":{"rendered":"Finalizaron las actividades de la Escuela de Verano Municipal"},"content":{"rendered":"\n<p><strong>Esta acci\u00f3n incluy\u00f3 a chicos y chicas de Arroyito, La Curva y El Fuertecito e integr\u00f3 a ni\u00f1os con discapacidad. <\/strong><\/p>\n\n\n\n<p>El pasado viernes 14 de febrero finalizaron las actividades en la Escuela de Verano, del Polideportivo Municipal de la Ciudad de Arroyito.<\/p>\n\n\n\n<p>Este programa se realiz\u00f3, de manera gratuita, en los Clubes Deportivo y Cultural y Sportivo 24 de Septiembre y participaron chicos y chicas de la ciudad, El Fuertecito y La Curva. Tambi\u00e9n, por primera vez, se logr\u00f3 la integraci\u00f3n de ni\u00f1os con discapacidad.<\/p>\n\n\n\n<figure class=\"wp-block-image\"><img loading=\"lazy\" decoding=\"async\" width=\"1024\" height=\"576\" src=\"https:\/\/arroyitoonline.com.ar\/wp-content\/uploads\/2020\/02\/escuelaverano1-1024x576.jpeg\" alt=\"\" class=\"wp-image-7680\" srcset=\"https:\/\/arroyitoonline.com.ar\/wp-content\/uploads\/2020\/02\/escuelaverano1-1024x576.jpeg 1024w, https:\/\/arroyitoonline.com.ar\/wp-content\/uploads\/2020\/02\/escuelaverano1-300x169.jpeg 300w, https:\/\/arroyitoonline.com.ar\/wp-content\/uploads\/2020\/02\/escuelaverano1-768x432.jpeg 768w, https:\/\/arroyitoonline.com.ar\/wp-content\/uploads\/2020\/02\/escuelaverano1.jpeg 1280w\" sizes=\"auto, (max-width: 1024px) 100vw, 1024px\" \/><figcaption><em>El desarrollo de las actividades en el Club Sportivo 24 de Septiembre<\/em><\/figcaption><\/figure>\n\n\n\n<p>Adem\u00e1s este a\u00f1o, tambi\u00e9n se gestion\u00f3 el transporte gratuito para La Curva y El Fuertecito garantizando, de manera real, la oportunidad de asistir de todos los interesados.<\/p>\n\n\n\n<p>Fuente: Comunicaci\u00f3n y Protocolo.<\/p>\n\n\n\n<p>Foto de portada actividades desarrolladas en el CDYCA.<\/p>\n","protected":false},"excerpt":{"rendered":"<p>Esta acci\u00f3n incluy\u00f3 a chicos y chicas de Arroyito, La Curva y El Fuertecito e integr\u00f3 a ni\u00f1os con discapacidad.&hellip;<\/p>\n","protected":false},"author":3,"featured_media":7679,"comment_status":"closed","ping_status":"open","sticky":false,"template":"","format":"standard","meta":{"footnotes":""},"categories":[3],"tags":[66,67,836,343,555,556,572,620,795],"class_list":["post-7678","post","type-post","status-publish","format-standard","has-post-thumbnail","hentry","category-infodeporte","tag-arroyito","tag-arroyito-cordoba","tag-arroyito-online","tag-escuela-de-verano","tag-municipalidad","tag-municipalidad-de-arroyito","tag-noticias-de-arroyito-y-zona","tag-pileta","tag-verano"],"_links":{"self":[{"href":"https:\/\/arroyitoonline.com.ar\/index.php?rest_route=\/wp\/v2\/posts\/7678","targetHints":{"allow":["GET"]}}],"collection":[{"href":"https:\/\/arroyitoonline.com.ar\/index.php?rest_route=\/wp\/v2\/posts"}],"about":[{"href":"https:\/\/arroyitoonline.com.ar\/index.php?rest_route=\/wp\/v2\/types\/post"}],"author":[{"embeddable":true,"href":"https:\/\/arroyitoonline.com.ar\/index.php?rest_route=\/wp\/v2\/users\/3"}],"replies":[{"embeddable":true,"href":"https:\/\/arroyitoonline.com.ar\/index.php?rest_route=%2Fwp%2Fv2%2Fcomments&post=7678"}],"version-history":[{"count":3,"href":"https:\/\/arroyitoonline.com.ar\/index.php?rest_route=\/wp\/v2\/posts\/7678\/revisions"}],"predecessor-version":[{"id":7683,"href":"https:\/\/arroyitoonline.com.ar\/index.php?rest_route=\/wp\/v2\/posts\/7678\/revisions\/7683"}],"wp:featuredmedia":[{"embeddable":true,"href":"https:\/\/arroyitoonline.com.ar\/index.php?rest_route=\/wp\/v2\/media\/7679"}],"wp:attachment":[{"href":"https:\/\/arroyitoonline.com.ar\/index.php?rest_route=%2Fwp%2Fv2%2Fmedia&parent=7678"}],"wp:term":[{"taxonomy":"category","embeddable":true,"href":"https:\/\/arroyitoonline.com.ar\/index.php?rest_route=%2Fwp%2Fv2%2Fcategories&post=7678"},{"taxonomy":"post_tag","embeddable":true,"href":"https:\/\/arroyitoonline.com.ar\/index.php?rest_route=%2Fwp%2Fv2%2Ftags&post=7678"}],"curies":[{"name":"wp","href":"https:\/\/api.w.org\/{rel}","templated":true}]}}