{"id":7689,"date":"2020-02-19T00:51:47","date_gmt":"2020-02-19T00:51:47","guid":{"rendered":"https:\/\/arroyitoonline.com.ar\/?p=7689"},"modified":"2020-02-19T01:08:14","modified_gmt":"2020-02-19T01:08:14","slug":"repudio-de-musicos-y-artistas-a-la-salida-de-lemos-de-la-banda-municipal-tras-17-anos-como-director","status":"publish","type":"post","link":"https:\/\/arroyitoonline.com.ar\/?p=7689","title":{"rendered":"Repudio de m\u00fasicos y artistas a la salida de Lemos de la Banda Municipal, tras 17 a\u00f1os como director"},"content":{"rendered":"\n<p><strong>Las negociaciones con el Ejecutivo fracasaron. Lemos y el 90% del cuerpo docente del elenco quedar\u00e1n afuera.&nbsp;Los&nbsp;m\u00fasicos&nbsp;suman&nbsp;apoyo.<\/strong><\/p>\n\n\n\n<p>Esta ma\u00f1ana, luego de varios d\u00edas de rumores en torno al futuro de la Banda Municipal de M\u00fasica, se confirm\u00f3 la salida de quien fuera su director por 17 y profesor por 23 a\u00f1os, Gerardo Lemos, y del 90% de su cuerpo docente estable.<\/p>\n\n\n\n<p>De ocho profesores, que tienen entre una y dos d\u00e9cadas de antig\u00fcedad, siete quedar\u00e1n afuera de uno de los elencos m\u00e1s prestigiosos del \u00e1mbito p\u00fablico, una noticia poco feliz teniendo en cuenta su protagonismo en el logro del gran presente de la Banda.  <\/p>\n\n\n\n<p>Aunque todav\u00eda se desconoce la totalidad de los motivos, Arroyito Online pudo saber que las negociaciones entre Lemos y compa\u00f1\u00eda con la nueva gesti\u00f3n de Gobierno han sido infructuosas, por lo que el art\u00edfice de lo que hoy es la Banda Sinf\u00f3nica ya no la dirigir\u00e1.<\/p>\n\n\n\n<p>Tampoco impartir\u00e1 clases a los 80 alumnos que asisten a las capacitaciones que se dictan en la Escuela Municipal de M\u00fasica. No lo har\u00e1 \u00e9l, ni los dem\u00e1s artistas que estaban a cargo. <\/p>\n\n\n\n<p>La novedad, que era un secreto a voces, fue ratificada a trav\u00e9s de un posteo de Facebook de su hija Luc\u00eda. Esta publicaci\u00f3n gener\u00f3 un sinn\u00famero de r\u00e9plicas, todas en apoyo al prestigioso m\u00fasico y su cuerpo docente. <\/p>\n\n\n\n<figure><iframe loading=\"lazy\" src=\"https:\/\/www.facebook.com\/plugins\/post.php?href=https%3A%2F%2Fwww.facebook.com%2Fluu.lemos.37%2Fposts%2F2742602162488437&amp;width=500\" width=\"500\" height=\"287\"><\/iframe><\/figure>\n\n\n\n<p><strong>Repudio generalizado<\/strong><\/p>\n\n\n\n<p>Luego, se sumaron al repudio artistas de diversos \u00e1mbitos, integrantes y exintegrantes de la Banda y m\u00fasicos de distintos g\u00e9neros.<\/p>\n\n\n\n<p>Uno de ellos, el nominado al premio Gardel, Juanjo Cecc\u00f3n, tuvo duras palabras en un texto que se viraliz\u00f3 logrando cientos de compartidos, donde expres\u00f3 que <em>&#8220;Hoy la banda sinf\u00f3nica municipal de Arroyito no existe&#8221;<\/em> y sigui\u00f3 diciendo que <em>&#8220;El trabajo de Gerardo, su cuerpo de profesores, comisi\u00f3n de padres y alumnos fue humano y luego musical, salv\u00f3 vidas porque una sonrisa all\u00ed ten\u00eda y tiene mas valor que una obra de Tchaikovsky, un viaje a VCP a tocar para un pibe que a veces ni merendaba era mas importante que una suite Piazzolleana&#8221;<\/em>.<\/p>\n\n\n\n<figure><iframe loading=\"lazy\" src=\"https:\/\/www.facebook.com\/plugins\/post.php?href=https%3A%2F%2Fwww.facebook.com%2Fjuanjoceccon%2Fposts%2F10157993608239110&amp;width=500\" width=\"500\" height=\"287\"><\/iframe><\/figure>\n\n\n\n<p>El autor de Antih\u00e9roe tambi\u00e9n aprovech\u00f3 para <em>&#8220;rogarle encarecidamente&#8221;<\/em> a la actual gesti\u00f3n de gobierno municipal de Arroyito <em>&#8220;que revea la situaci\u00f3n de mis amigos y compa\u00f1eros de mi amada Banda Sinf\u00f3nica de Arroyito. Con ellos NO&#8221;<\/em>. <\/p>\n\n\n\n<p>Se sum\u00f3 adem\u00e1s, el guitarrista y vocero de Cuento Viejo, Mat\u00edas Vieyra, quien fue categ\u00f3rico al afirmar que <em>&#8220;la cultura no es un gasto, es una inversi\u00f3n&#8221;<\/em>, repudiando<em> &#8220;la decisi\u00f3n pol\u00edtica de apartar a Gerardo de la Banda Municipal que tanto cuid\u00f3 y perfeccion\u00f3 estos a\u00f1os&#8221;<\/em>. <\/p>\n\n\n\n<p>En los pr\u00f3ximos d\u00edas se aguarda la realizaci\u00f3n de una conferencia de prensa, en la que se espera que los protagonistas den las explicaciones del caso. Mientras tanto, siguen sum\u00e1ndose voces que se oponen a la salida de Lemos y su equipo.<\/p>\n","protected":false},"excerpt":{"rendered":"<p>Las negociaciones con el Ejecutivo fracasaron. Lemos y el 90% del cuerpo docente del elenco quedar\u00e1n afuera.&nbsp;Los&nbsp;m\u00fasicos&nbsp;suman&nbsp;apoyo. Esta ma\u00f1ana, luego&hellip;<\/p>\n","protected":false},"author":3,"featured_media":6283,"comment_status":"closed","ping_status":"open","sticky":false,"template":"","format":"standard","meta":{"footnotes":""},"categories":[2],"tags":[66,67,836,98,99,572],"class_list":["post-7689","post","type-post","status-publish","format-standard","has-post-thumbnail","hentry","category-cultura-y-espectaculos","tag-arroyito","tag-arroyito-cordoba","tag-arroyito-online","tag-banda-municipal","tag-banda-sinfonica","tag-noticias-de-arroyito-y-zona"],"_links":{"self":[{"href":"https:\/\/arroyitoonline.com.ar\/index.php?rest_route=\/wp\/v2\/posts\/7689","targetHints":{"allow":["GET"]}}],"collection":[{"href":"https:\/\/arroyitoonline.com.ar\/index.php?rest_route=\/wp\/v2\/posts"}],"about":[{"href":"https:\/\/arroyitoonline.com.ar\/index.php?rest_route=\/wp\/v2\/types\/post"}],"author":[{"embeddable":true,"href":"https:\/\/arroyitoonline.com.ar\/index.php?rest_route=\/wp\/v2\/users\/3"}],"replies":[{"embeddable":true,"href":"https:\/\/arroyitoonline.com.ar\/index.php?rest_route=%2Fwp%2Fv2%2Fcomments&post=7689"}],"version-history":[{"count":3,"href":"https:\/\/arroyitoonline.com.ar\/index.php?rest_route=\/wp\/v2\/posts\/7689\/revisions"}],"predecessor-version":[{"id":7693,"href":"https:\/\/arroyitoonline.com.ar\/index.php?rest_route=\/wp\/v2\/posts\/7689\/revisions\/7693"}],"wp:featuredmedia":[{"embeddable":true,"href":"https:\/\/arroyitoonline.com.ar\/index.php?rest_route=\/wp\/v2\/media\/6283"}],"wp:attachment":[{"href":"https:\/\/arroyitoonline.com.ar\/index.php?rest_route=%2Fwp%2Fv2%2Fmedia&parent=7689"}],"wp:term":[{"taxonomy":"category","embeddable":true,"href":"https:\/\/arroyitoonline.com.ar\/index.php?rest_route=%2Fwp%2Fv2%2Fcategories&post=7689"},{"taxonomy":"post_tag","embeddable":true,"href":"https:\/\/arroyitoonline.com.ar\/index.php?rest_route=%2Fwp%2Fv2%2Ftags&post=7689"}],"curies":[{"name":"wp","href":"https:\/\/api.w.org\/{rel}","templated":true}]}}