{"id":7694,"date":"2020-02-18T23:18:13","date_gmt":"2020-02-18T23:18:13","guid":{"rendered":"https:\/\/arroyitoonline.com.ar\/?p=7694"},"modified":"2020-02-19T03:02:52","modified_gmt":"2020-02-19T03:02:52","slug":"dirigentes-radicales-enviaron-nota-a-benedetti-pidiendo-que-cese-el-destrato-a-empleados-municipales","status":"publish","type":"post","link":"https:\/\/arroyitoonline.com.ar\/?p=7694","title":{"rendered":"Dirigentes radicales enviaron nota a Benedetti pidiendo que &#8220;cese el destrato&#8221; a empleados municipales"},"content":{"rendered":"\n<p><strong>Se trata de aquellos que, trabajando en el \u00e1mbito p\u00fablico, participaron de la campa\u00f1a como candidatos o apoyando a la Lista 3.<\/strong><\/p>\n\n\n\n<p>Esta ma\u00f1ana, autoridades del Comit\u00e9 de la Uni\u00f3n C\u00edvica Radical Circuito Arroyito, autoridad del Departamento San Justo del mismo partido y el Bloque de concejales del Radicalismo enviaron una nota dirigida al intendente Gustavo Benedetti. <\/p>\n\n\n\n<p>En la misiva, Mauricio Cravero, Carlos Franscisca, Lidia Mart\u00ednez, Rosana Cerino, Miguel Olocco, Diego Giorgis, Paola P\u00e9rez, \u00c1ngel Gim\u00e9nez y Cristina Fontana le solicitan al primer mandatario local que <em>&#8220;cese de inmediato el destrato que sufren en su gesti\u00f3n, las personas que participaron en la campa\u00f1a de nuestro partido, ya sea como candidatos o simplemente apoyando durante las \u00faltimas elecciones municipales a nuestra lista&#8221;<\/em>. <\/p>\n\n\n\n<div class=\"wp-block-image\"><figure class=\"aligncenter\"><img loading=\"lazy\" decoding=\"async\" width=\"527\" height=\"613\" src=\"https:\/\/arroyitoonline.com.ar\/wp-content\/uploads\/2020\/02\/carta-a-benedetti-radicales.png\" alt=\"\" class=\"wp-image-7695\" srcset=\"https:\/\/arroyitoonline.com.ar\/wp-content\/uploads\/2020\/02\/carta-a-benedetti-radicales.png 527w, https:\/\/arroyitoonline.com.ar\/wp-content\/uploads\/2020\/02\/carta-a-benedetti-radicales-258x300.png 258w\" sizes=\"auto, (max-width: 527px) 100vw, 527px\" \/><figcaption><em>La carta enviada esta ma\u00f1ana, al intendente Benedetti, con copia a los medios de comunicaci\u00f3n.<\/em><\/figcaption><\/figure><\/div>\n\n\n\n<p>Adem\u00e1s, los emisores basan el planteamiento en <em>&#8220;el hecho comprobable de que personas con 40 a\u00f1os de antig\u00fcedad, con tope de categor\u00eda y sueldos acordes a esta situaci\u00f3n, son enviados a lugares donde no se aprovecha su experiencia, se los denigra como personas y empleados faltando as\u00ed a su promesa de campa\u00f1a de que se iban a aprovechar los recursos humanos existentes en el \u00e1mbito municipal&#8221;<\/em>.<\/p>\n\n\n\n<p>A continuaci\u00f3n, comparan estas pr\u00e1cticas, como la de castigar a alguien por su posici\u00f3n pol\u00edtica, con aquellas adoptadas por gobiernos dictatoriales consider\u00e1ndolas<em> &#8220;inadmisibles en pleno siglo XXI&#8221;<\/em> prometiendo que, <em>&#8220;de no cesar en su actitud, nos veremos obligados a continuar denunciando este tipo de hechos&#8221;<\/em>. <\/p>\n\n\n\n<p>Foto de archivo Arroyito Online.<\/p>\n","protected":false},"excerpt":{"rendered":"<p>Se trata de aquellos que, trabajando en el \u00e1mbito p\u00fablico, participaron de la campa\u00f1a como candidatos o apoyando a la&hellip;<\/p>\n","protected":false},"author":3,"featured_media":6200,"comment_status":"closed","ping_status":"open","sticky":false,"template":"","format":"standard","meta":{"footnotes":""},"categories":[8],"tags":[66,67,836,115,253,968,496,527,556,572,640,667,871,779],"class_list":["post-7694","post","type-post","status-publish","format-standard","has-post-thumbnail","hentry","category-politica","tag-arroyito","tag-arroyito-cordoba","tag-arroyito-online","tag-benedetti","tag-cravero","tag-gustavo-benedetti","tag-lidia-martinez","tag-mauricio-cravero","tag-municipalidad-de-arroyito","tag-noticias-de-arroyito-y-zona","tag-politica","tag-radical","tag-radicalismo","tag-ucr"],"_links":{"self":[{"href":"https:\/\/arroyitoonline.com.ar\/index.php?rest_route=\/wp\/v2\/posts\/7694","targetHints":{"allow":["GET"]}}],"collection":[{"href":"https:\/\/arroyitoonline.com.ar\/index.php?rest_route=\/wp\/v2\/posts"}],"about":[{"href":"https:\/\/arroyitoonline.com.ar\/index.php?rest_route=\/wp\/v2\/types\/post"}],"author":[{"embeddable":true,"href":"https:\/\/arroyitoonline.com.ar\/index.php?rest_route=\/wp\/v2\/users\/3"}],"replies":[{"embeddable":true,"href":"https:\/\/arroyitoonline.com.ar\/index.php?rest_route=%2Fwp%2Fv2%2Fcomments&post=7694"}],"version-history":[{"count":2,"href":"https:\/\/arroyitoonline.com.ar\/index.php?rest_route=\/wp\/v2\/posts\/7694\/revisions"}],"predecessor-version":[{"id":7697,"href":"https:\/\/arroyitoonline.com.ar\/index.php?rest_route=\/wp\/v2\/posts\/7694\/revisions\/7697"}],"wp:featuredmedia":[{"embeddable":true,"href":"https:\/\/arroyitoonline.com.ar\/index.php?rest_route=\/wp\/v2\/media\/6200"}],"wp:attachment":[{"href":"https:\/\/arroyitoonline.com.ar\/index.php?rest_route=%2Fwp%2Fv2%2Fmedia&parent=7694"}],"wp:term":[{"taxonomy":"category","embeddable":true,"href":"https:\/\/arroyitoonline.com.ar\/index.php?rest_route=%2Fwp%2Fv2%2Fcategories&post=7694"},{"taxonomy":"post_tag","embeddable":true,"href":"https:\/\/arroyitoonline.com.ar\/index.php?rest_route=%2Fwp%2Fv2%2Ftags&post=7694"}],"curies":[{"name":"wp","href":"https:\/\/api.w.org\/{rel}","templated":true}]}}