{"id":7701,"date":"2020-02-20T12:45:49","date_gmt":"2020-02-20T12:45:49","guid":{"rendered":"https:\/\/arroyitoonline.com.ar\/?p=7701"},"modified":"2020-02-20T12:50:14","modified_gmt":"2020-02-20T12:50:14","slug":"el-director-de-orquesta-costarricense-ricardo-vargas-lamento-la-salida-de-gerardo-lemos-de-la-sinfonica","status":"publish","type":"post","link":"https:\/\/arroyitoonline.com.ar\/?p=7701","title":{"rendered":"El director de orquesta costarricense Ricardo Vargas lament\u00f3 la salida de Gerardo Lemos de la Sinf\u00f3nica"},"content":{"rendered":"\n<p><strong>El prestigioso m\u00fasico, que dirigi\u00f3 m\u00e1s de 1.200 conciertos, valor\u00f3 a Lemos como un <em>&#8220;insigne maestro&#8221;<\/em>. Tambi\u00e9n opinaron otros artistas y la exdirectora municipal de Cultura Rosal\u00eda Sachetto.<\/strong><\/p>\n\n\n\n<p>En las \u00faltimas horas, luego de conocerse la noticia de la salida de Gerardo Lemos (director por 17 y docente por 23 a\u00f1os) y del 90% del cuerpo docente de la Banda Sinf\u00f3nica Municipal, por falta de acuerdo con la actual gesti\u00f3n de Gobierno, las redes se colmaron de adhesiones a estos prestigiosos m\u00fasicos.<\/p>\n\n\n\n<p>Incluso result\u00f3 una oportunidad para remarcar la funci\u00f3n social que cumpli\u00f3 y cumple este valorado elenco del \u00e1mbito p\u00fablico. La comunidad art\u00edstica de Arroyito casi en pleno sali\u00f3 a respaldar a Lemos y muchos exalumnos aprovecharon para contar sus historias de vida en torno a la m\u00fasica y su aprendizaje, con mensajes sobre la inclusi\u00f3n y los sue\u00f1os cumplidos.<\/p>\n\n\n\n<figure><iframe loading=\"lazy\" src=\"https:\/\/www.facebook.com\/plugins\/post.php?href=https%3A%2F%2Fwww.facebook.com%2Fpermalink.php%3Fstory_fbid%3D10158852187682573%26id%3D534607572&amp;width=500\" width=\"500\" height=\"410\"><\/iframe><\/figure>\n\n\n\n<figure><iframe loading=\"lazy\" src=\"https:\/\/www.facebook.com\/plugins\/post.php?href=https%3A%2F%2Fwww.facebook.com%2Ferin.bodnar1%2Fposts%2F10163462951695037&amp;width=500\" width=\"500\" height=\"764\"><\/iframe><\/figure>\n\n\n\n<p>Tal es el caso del percusionista y docente Mauricio Lencina, quien aprovech\u00f3 una foto propia que data del a\u00f1o 2005, para dedicarle palabras de aliento a Lemos y compa\u00f1\u00eda. Cerrando su texto, el propietario de Habana Studio de grabaci\u00f3n se\u00f1al\u00f3 que <em>&#8220;Lamentablemente ayer he le\u00eddo en un medio, afirmar que \u201cLa banda es de Arroyito y no de un profesor\u201d\u2026 Quiero expresar con mi testimonio, que la Banda Sinf\u00f3nica de Arroyito, es Gerardo Lemos. Sin \u00e9l, no ser\u00eda lo que es. Gracias a Gerardo, yo viv\u00ed la m\u00fasica a trav\u00e9s de la Banda&#8221;<\/em>.<\/p>\n\n\n\n<figure><iframe loading=\"lazy\" src=\"https:\/\/www.facebook.com\/plugins\/post.php?href=https%3A%2F%2Fwww.facebook.com%2Fmglpercusion%2Fposts%2F10218451940603217&amp;width=500\" width=\"500\" height=\"624\"><\/iframe><\/figure>\n\n\n\n<p><em>&#8220;Se\u00f1or intendente: recapacite y valore a quien piensa en hacer de la cultura en Arroyito, un ejemplo a nivel nacional e internacional. Espero que esta situaci\u00f3n se resuelva y que no se reproduzca en los dem\u00e1s elencos municipales&#8221;<\/em>, finaliz\u00f3 Lencina.<\/p>\n\n\n\n<p><strong>El mensaje de Vargas<\/strong><\/p>\n\n\n\n<p>En este marco, brind\u00f3 su opini\u00f3n el prestigioso director costarricense, Ricardo Vargas, quien en 2017 recibi\u00f3 a docentes locales de la Banda en su pa\u00eds y luego visit\u00f3 nuestra ciudad en 2018, para brindar capacitaciones.<\/p>\n\n\n\n<p>Vargas fue director Titular de la Banda de Conciertos de Cartago durante 17 a\u00f1os, hasta su jubilaci\u00f3n. En ese tiempo dirigi\u00f3 m\u00e1s de 1.200 conciertos en Estados Unidos, Espa\u00f1a, Argentina, Panam\u00e1, M\u00e9xico y Costa Rica. De su amplia trayectoria valora <em>&#8220;y me enorgullece sobremanera haber conocido, trabajado, creado y so\u00f1ado a la par de m\u00fasicos tan sensibles y entregados como los profesores de la Banda Municipal de Arroyito, liderados por el insigne maestro Gerardo Lemos&#8221;<\/em>. <\/p>\n\n\n\n<div class=\"wp-block-image\"><figure class=\"aligncenter\"><img loading=\"lazy\" decoding=\"async\" width=\"557\" height=\"535\" src=\"https:\/\/arroyitoonline.com.ar\/wp-content\/uploads\/2020\/02\/ricardo-vargas-opina.png\" alt=\"\" class=\"wp-image-7705\" srcset=\"https:\/\/arroyitoonline.com.ar\/wp-content\/uploads\/2020\/02\/ricardo-vargas-opina.png 557w, https:\/\/arroyitoonline.com.ar\/wp-content\/uploads\/2020\/02\/ricardo-vargas-opina-300x288.png 300w\" sizes=\"auto, (max-width: 557px) 100vw, 557px\" \/><figcaption><em>El prestigioso director costarricense aprovech\u00f3 la noticia publicada por nuestro medio, para expresarse en elogiosos t\u00e9rminos sobre Gerardo Lemos y su cuerpo docente<\/em><\/figcaption><\/figure><\/div>\n\n\n\n<p>Adem\u00e1s, Vargas se refiri\u00f3 a la relaci\u00f3n que lo une al m\u00fasico de Arroyito y los momentos compartidos reiterando <em>&#8220;mi incondicional apoyo al maestro Lemos y al proyecto que tan profesionalmente lleva a cabo&#8221;<\/em>. <\/p>\n\n\n\n<div class=\"wp-block-image\"><figure class=\"aligncenter\"><img loading=\"lazy\" decoding=\"async\" width=\"514\" height=\"87\" src=\"https:\/\/arroyitoonline.com.ar\/wp-content\/uploads\/2020\/02\/rosal\u00eda-sachetto.png\" alt=\"\" class=\"wp-image-7708\" srcset=\"https:\/\/arroyitoonline.com.ar\/wp-content\/uploads\/2020\/02\/rosal\u00eda-sachetto.png 514w, https:\/\/arroyitoonline.com.ar\/wp-content\/uploads\/2020\/02\/rosal\u00eda-sachetto-300x51.png 300w\" sizes=\"auto, (max-width: 514px) 100vw, 514px\" \/><\/figure><\/div>\n\n\n\n<p>Por \u00faltimo, la Directora de Cultura en los mandatos de los intendentes Ren\u00e9 Sueldo, Oscar Almaraz y parte de la primera gesti\u00f3n del mismo Benedetti, se refiri\u00f3 con duros t\u00e9rminos a la situaci\u00f3n generada en la Banda. <em>&#8220;Se repite la historia&#8230; volvi\u00f3 el protagonista de las decisiones nefastas para la cultura&#8221;<\/em>, coment\u00f3 la exfuncionaria, en el posteo de la hija de Lemos. <\/p>\n","protected":false},"excerpt":{"rendered":"<p>El prestigioso m\u00fasico, que dirigi\u00f3 m\u00e1s de 1.200 conciertos, valor\u00f3 a Lemos como un &#8220;insigne maestro&#8221;. Tambi\u00e9n opinaron otros artistas&hellip;<\/p>\n","protected":false},"author":3,"featured_media":7704,"comment_status":"closed","ping_status":"open","sticky":false,"template":"","format":"standard","meta":{"footnotes":""},"categories":[2],"tags":[66,67,836,70,98,99,341,556,559,572],"class_list":["post-7701","post","type-post","status-publish","format-standard","has-post-thumbnail","hentry","category-cultura-y-espectaculos","tag-arroyito","tag-arroyito-cordoba","tag-arroyito-online","tag-arte","tag-banda-municipal","tag-banda-sinfonica","tag-escuela-de-musica","tag-municipalidad-de-arroyito","tag-musica","tag-noticias-de-arroyito-y-zona"],"_links":{"self":[{"href":"https:\/\/arroyitoonline.com.ar\/index.php?rest_route=\/wp\/v2\/posts\/7701","targetHints":{"allow":["GET"]}}],"collection":[{"href":"https:\/\/arroyitoonline.com.ar\/index.php?rest_route=\/wp\/v2\/posts"}],"about":[{"href":"https:\/\/arroyitoonline.com.ar\/index.php?rest_route=\/wp\/v2\/types\/post"}],"author":[{"embeddable":true,"href":"https:\/\/arroyitoonline.com.ar\/index.php?rest_route=\/wp\/v2\/users\/3"}],"replies":[{"embeddable":true,"href":"https:\/\/arroyitoonline.com.ar\/index.php?rest_route=%2Fwp%2Fv2%2Fcomments&post=7701"}],"version-history":[{"count":5,"href":"https:\/\/arroyitoonline.com.ar\/index.php?rest_route=\/wp\/v2\/posts\/7701\/revisions"}],"predecessor-version":[{"id":7712,"href":"https:\/\/arroyitoonline.com.ar\/index.php?rest_route=\/wp\/v2\/posts\/7701\/revisions\/7712"}],"wp:featuredmedia":[{"embeddable":true,"href":"https:\/\/arroyitoonline.com.ar\/index.php?rest_route=\/wp\/v2\/media\/7704"}],"wp:attachment":[{"href":"https:\/\/arroyitoonline.com.ar\/index.php?rest_route=%2Fwp%2Fv2%2Fmedia&parent=7701"}],"wp:term":[{"taxonomy":"category","embeddable":true,"href":"https:\/\/arroyitoonline.com.ar\/index.php?rest_route=%2Fwp%2Fv2%2Fcategories&post=7701"},{"taxonomy":"post_tag","embeddable":true,"href":"https:\/\/arroyitoonline.com.ar\/index.php?rest_route=%2Fwp%2Fv2%2Ftags&post=7701"}],"curies":[{"name":"wp","href":"https:\/\/api.w.org\/{rel}","templated":true}]}}