{"id":7742,"date":"2020-02-21T14:04:39","date_gmt":"2020-02-21T14:04:39","guid":{"rendered":"https:\/\/arroyitoonline.com.ar\/?p=7742"},"modified":"2020-02-21T14:14:01","modified_gmt":"2020-02-21T14:14:01","slug":"la-velez-readecuo-todo-su-sistema-electrico-pinto-aulas-y-espacios-comunes-para-el-inicio-del-ciclo-lectivo","status":"publish","type":"post","link":"https:\/\/arroyitoonline.com.ar\/?p=7742","title":{"rendered":"La V\u00e9lez readecu\u00f3 todo su sistema el\u00e9ctrico, pint\u00f3 aulas  y espacios comunes, para el inicio del ciclo lectivo"},"content":{"rendered":"\n<p><strong>La instituci\u00f3n acondicion\u00f3 sus dos edificios para recibir al creciente n\u00famero de alumnos que adhiere a su proyecto educativo.<\/strong><\/p>\n\n\n\n<p>Una vez m\u00e1s, la Escuela Dr. Dalmacio V\u00e9lez Sarsfield, cuyo proyecto educativo genera gran adhesi\u00f3n en cada uno de los niveles, optimiz\u00f3 el receso de verano y se prepar\u00f3 de manera intensa para el comienzo del nuevo ciclo lectivo, con un sinn\u00famero de obras, que han demandado sus edificios y el crecimiento de la matr\u00edcula.<\/p>\n\n\n\n<p>En esta oportunidad, unificaron el sistema de alimentaci\u00f3n el\u00e9ctrica de los inmuebles escolares en un gabinete general que se encuentra emplazado sobre calle Sarmiento. A tal fin, cavaron 58 metros de zanja de 60 cent\u00edmetros de profundidad para el tendido de cables subterr\u00e1neos y se realizaron las conexiones correspondientes.<\/p>\n\n\n\n<p>Tambi\u00e9n revisaron y regularon las paletas de los ventiladores de todas las aulas de los dos edificios, a los fines de un mejor funcionamiento y seguridad. Por \u00faltimo, limpiaron y desinfectaron los filtros de todos los aires acondicionados y verificaron toda la luminaria.<\/p>\n\n\n\n<p><strong>Niveles Inicial y Primario<\/strong><\/p>\n\n\n\n<p>El Nivel Inicial cuenta con 120 alumnos y una poblaci\u00f3n docente importante, que creci\u00f3 por la incorporaci\u00f3n de la Sala de 3 -cuya inscripci\u00f3n online, para este a\u00f1o, se agot\u00f3 en el minuto en el que se habilit\u00f3- y la construcci\u00f3n de su edificio administrativo.<\/p>\n\n\n\n<p>Para ello ampliaron y reacondicionaron el patio emplazando un nuevo cerco perimetral, realizando tareas de poda y reubicaci\u00f3n de juegos; incrementando as\u00ed, en un 40%, el patio del Nivel, necesario sobre todo porque hab\u00edan incorporado nuevas herramientas pedag\u00f3gicas, como una huerta escolar.<\/p>\n\n\n\n<p>En cuanto al edificio del Nivel Inicial arreglaron la Sala de 3, haciendo mejoras en el sistema el\u00e9ctrico, revisando todos los equipos de iluminaci\u00f3n, ventiladores, aires y pint\u00e1ndola de manera \u00edntegra.<\/p>\n\n\n\n<p>Tambi\u00e9n remodelaron a nuevo el ba\u00f1o del equipo directivo del Nivel Primario, pintaron la Direcci\u00f3n, el sal\u00f3n de usos m\u00faltiples y todas las aulas.<\/p>\n\n\n\n<p><strong>Niveles Secundario y Superior<\/strong><\/p>\n\n\n\n<p>Readecuaron el espacio para el estacionamiento de motos y bicicletas en el ingreso del edificio. Pintaron galer\u00edas y la totalidad de las aulas. <\/p>\n\n\n\n<p>A respecto, el vicedirector del Secundario y tesorero de la Comisi\u00f3n Administrativa, Prof, Lic. Mariano Acosta, se mostr\u00f3 <em>&#8220;satisfecho con el trabajo que hemos realizado&#8221;<\/em> agradeciendo<em> &#8220;todo el trabajo realizado, el acompa\u00f1amiento permanente y el aliento en cada obra emprendida&#8221;<\/em>.<\/p>\n","protected":false},"excerpt":{"rendered":"<p>La instituci\u00f3n acondicion\u00f3 sus dos edificios para recibir al creciente n\u00famero de alumnos que adhiere a su proyecto educativo. Una&hellip;<\/p>\n","protected":false},"author":3,"featured_media":7743,"comment_status":"closed","ping_status":"open","sticky":false,"template":"","format":"standard","meta":{"footnotes":""},"categories":[830],"tags":[66,67,836,310,888,572,793],"class_list":["post-7742","post","type-post","status-publish","format-standard","has-post-thumbnail","hentry","category-educacion-online","tag-arroyito","tag-arroyito-cordoba","tag-arroyito-online","tag-educacion","tag-escuela-dr-dalmacio-velez-sarsfield","tag-noticias-de-arroyito-y-zona","tag-velez-sarsfield"],"_links":{"self":[{"href":"https:\/\/arroyitoonline.com.ar\/index.php?rest_route=\/wp\/v2\/posts\/7742","targetHints":{"allow":["GET"]}}],"collection":[{"href":"https:\/\/arroyitoonline.com.ar\/index.php?rest_route=\/wp\/v2\/posts"}],"about":[{"href":"https:\/\/arroyitoonline.com.ar\/index.php?rest_route=\/wp\/v2\/types\/post"}],"author":[{"embeddable":true,"href":"https:\/\/arroyitoonline.com.ar\/index.php?rest_route=\/wp\/v2\/users\/3"}],"replies":[{"embeddable":true,"href":"https:\/\/arroyitoonline.com.ar\/index.php?rest_route=%2Fwp%2Fv2%2Fcomments&post=7742"}],"version-history":[{"count":7,"href":"https:\/\/arroyitoonline.com.ar\/index.php?rest_route=\/wp\/v2\/posts\/7742\/revisions"}],"predecessor-version":[{"id":7752,"href":"https:\/\/arroyitoonline.com.ar\/index.php?rest_route=\/wp\/v2\/posts\/7742\/revisions\/7752"}],"wp:featuredmedia":[{"embeddable":true,"href":"https:\/\/arroyitoonline.com.ar\/index.php?rest_route=\/wp\/v2\/media\/7743"}],"wp:attachment":[{"href":"https:\/\/arroyitoonline.com.ar\/index.php?rest_route=%2Fwp%2Fv2%2Fmedia&parent=7742"}],"wp:term":[{"taxonomy":"category","embeddable":true,"href":"https:\/\/arroyitoonline.com.ar\/index.php?rest_route=%2Fwp%2Fv2%2Fcategories&post=7742"},{"taxonomy":"post_tag","embeddable":true,"href":"https:\/\/arroyitoonline.com.ar\/index.php?rest_route=%2Fwp%2Fv2%2Ftags&post=7742"}],"curies":[{"name":"wp","href":"https:\/\/api.w.org\/{rel}","templated":true}]}}