{"id":7774,"date":"2020-02-25T17:06:26","date_gmt":"2020-02-25T17:06:26","guid":{"rendered":"https:\/\/arroyitoonline.com.ar\/?p=7774"},"modified":"2020-02-25T17:06:32","modified_gmt":"2020-02-25T17:06:32","slug":"funcionarios-municipales-se-reunieron-con-consejeros-de-la-cespal","status":"publish","type":"post","link":"https:\/\/arroyitoonline.com.ar\/?p=7774","title":{"rendered":"Funcionarios municipales se reunieron con consejeros de la Cespal"},"content":{"rendered":"\n<p><strong>En agenda aparecieron temas como las obras de cloacas y de gas, entre otras cuestiones en torno al desarrollo urbano de la ciudad.<\/strong><\/p>\n\n\n\n<p>Parte del Ejecutivo Municipal se reuni\u00f3, el martes 18 de febrero, con el Consejo de Administraci\u00f3n de la Cespal, para el tratamiento de proyectos en com\u00fan, en torno al desarrollo urbano de Arroyito y los parajes de La Curva y El Fuertecito.<\/p>\n\n\n\n<p>En la oportunidad, se dialog\u00f3 sobre proyectos en agenda de trabajo conjunto que tienen ambas instituciones para este a\u00f1o: la ampliaci\u00f3n de la obra de cloacas para el sector sur (red domiciliaria), la obra domiciliaria de gas, la pavimentaci\u00f3n de calles, el nuevo proyecto de veredas para la avenida Erb (desde Av. Mariano Moreno hasta Av. J. D. Per\u00f3n), el estacionamiento necesario para el Parque Romero y frente a la cooperativa, la luminaria en los pasos a nivel y la mejora de los accesos a la ciudad, entre otros.<\/p>\n\n\n\n<p><em>&#8220;El Gobierno Municipal trabaja en v\u00ednculo con cada ente, instituci\u00f3n y empresa, para mejorar la calidad de vida de nuestros vecinos&#8221;<\/em>, se\u00f1alaron desde la actual administraci\u00f3n local.<\/p>\n\n\n\n<p>Fuente: Comunicaci\u00f3n y Protocolo.<\/p>\n","protected":false},"excerpt":{"rendered":"<p>En agenda aparecieron temas como las obras de cloacas y de gas, entre otras cuestiones en torno al desarrollo urbano&hellip;<\/p>\n","protected":false},"author":3,"featured_media":7775,"comment_status":"closed","ping_status":"open","sticky":false,"template":"","format":"standard","meta":{"footnotes":""},"categories":[829],"tags":[66,67,836,115,183,205,240,396,397,968,556,720],"class_list":["post-7774","post","type-post","status-publish","format-standard","has-post-thumbnail","hentry","category-municipales-online","tag-arroyito","tag-arroyito-cordoba","tag-arroyito-online","tag-benedetti","tag-cespal","tag-cloacas","tag-cooperativa","tag-gas","tag-gas-natural","tag-gustavo-benedetti","tag-municipalidad-de-arroyito","tag-sector-sur"],"_links":{"self":[{"href":"https:\/\/arroyitoonline.com.ar\/index.php?rest_route=\/wp\/v2\/posts\/7774","targetHints":{"allow":["GET"]}}],"collection":[{"href":"https:\/\/arroyitoonline.com.ar\/index.php?rest_route=\/wp\/v2\/posts"}],"about":[{"href":"https:\/\/arroyitoonline.com.ar\/index.php?rest_route=\/wp\/v2\/types\/post"}],"author":[{"embeddable":true,"href":"https:\/\/arroyitoonline.com.ar\/index.php?rest_route=\/wp\/v2\/users\/3"}],"replies":[{"embeddable":true,"href":"https:\/\/arroyitoonline.com.ar\/index.php?rest_route=%2Fwp%2Fv2%2Fcomments&post=7774"}],"version-history":[{"count":1,"href":"https:\/\/arroyitoonline.com.ar\/index.php?rest_route=\/wp\/v2\/posts\/7774\/revisions"}],"predecessor-version":[{"id":7776,"href":"https:\/\/arroyitoonline.com.ar\/index.php?rest_route=\/wp\/v2\/posts\/7774\/revisions\/7776"}],"wp:featuredmedia":[{"embeddable":true,"href":"https:\/\/arroyitoonline.com.ar\/index.php?rest_route=\/wp\/v2\/media\/7775"}],"wp:attachment":[{"href":"https:\/\/arroyitoonline.com.ar\/index.php?rest_route=%2Fwp%2Fv2%2Fmedia&parent=7774"}],"wp:term":[{"taxonomy":"category","embeddable":true,"href":"https:\/\/arroyitoonline.com.ar\/index.php?rest_route=%2Fwp%2Fv2%2Fcategories&post=7774"},{"taxonomy":"post_tag","embeddable":true,"href":"https:\/\/arroyitoonline.com.ar\/index.php?rest_route=%2Fwp%2Fv2%2Ftags&post=7774"}],"curies":[{"name":"wp","href":"https:\/\/api.w.org\/{rel}","templated":true}]}}