{"id":7777,"date":"2020-02-22T17:08:14","date_gmt":"2020-02-22T17:08:14","guid":{"rendered":"https:\/\/arroyitoonline.com.ar\/?p=7777"},"modified":"2020-02-25T17:20:43","modified_gmt":"2020-02-25T17:20:43","slug":"autoridades-municipales-se-reunieron-con-el-titular-del-inaes","status":"publish","type":"post","link":"https:\/\/arroyitoonline.com.ar\/?p=7777","title":{"rendered":"Autoridades municipales se reunieron con el titular del Inaes"},"content":{"rendered":"\n<p><strong>La viceintendente y secretarios estuvieron en un encuentro con Mario Cafiero, del cual tambi\u00e9n particip\u00f3 el ministro de Industria Accastello.<\/strong><\/p>\n\n\n\n<p>El pasado jueves 20 de febrero, autoridades municipales participaron de la visita del presidente del Instituto Nacional de Asociativismo y Econom\u00eda Social (Inaes), Mario Cafiero, acontecida en la Mutual Sportivo Belgrano de La Para.<\/p>\n\n\n\n<p>La viceintendente, Mar\u00eda Jos\u00e9 Esp\u00f3sito; el secretario de Gobierno, Jos\u00e9 Solera; la secretaria de Modernizaci\u00f3n y Control de Gesti\u00f3n, Diamela \u00c1lvarez Novara, y la responsable de la oficina de Empleo, Liliana Vergara, estuvieron presentes junto al ministro de Industria, Comercio y Miner\u00eda del gobierno de la Provincia de C\u00f3rdoba, Eduardo Accastello.<\/p>\n\n\n\n<figure class=\"wp-block-image\"><img loading=\"lazy\" decoding=\"async\" width=\"1024\" height=\"576\" src=\"https:\/\/arroyitoonline.com.ar\/wp-content\/uploads\/2020\/02\/autoridades-municipales-con-inaes-2-1024x576.jpeg\" alt=\"\" class=\"wp-image-7780\" srcset=\"https:\/\/arroyitoonline.com.ar\/wp-content\/uploads\/2020\/02\/autoridades-municipales-con-inaes-2-1024x576.jpeg 1024w, https:\/\/arroyitoonline.com.ar\/wp-content\/uploads\/2020\/02\/autoridades-municipales-con-inaes-2-300x169.jpeg 300w, https:\/\/arroyitoonline.com.ar\/wp-content\/uploads\/2020\/02\/autoridades-municipales-con-inaes-2-768x432.jpeg 768w, https:\/\/arroyitoonline.com.ar\/wp-content\/uploads\/2020\/02\/autoridades-municipales-con-inaes-2.jpeg 1280w\" sizes=\"auto, (max-width: 1024px) 100vw, 1024px\" \/><figcaption><em>La secretaria de Modernizaci\u00f3n y Control de Gesti\u00f3n, Diamela \u00c1lvarez Novara, junto a la vicepresidenta de Femucor, Nora Landart; el presidente de Femucor, Alejandro Russo, y el secretario de Gobierno, Jos\u00e9 Solera. <\/em><\/figcaption><\/figure>\n\n\n\n<p>La Municipalidad de Arroyito reconoce <em>&#8220;el gran trabajo del movimiento nacional de cooperativas y mutuales, a trav\u00e9s de pol\u00edticas inclusivas y colectivas en mesas asociativas de trabajo, por ello se articulan esfuerzos con los gobiernos provincial y nacional para dar impulso a mutuales y cooperativas locales&#8221;<\/em>.<\/p>\n\n\n\n<p>Fuente: Comunicaci\u00f3n y Protocolo. <\/p>\n","protected":false},"excerpt":{"rendered":"<p>La viceintendente y secretarios estuvieron en un encuentro con Mario Cafiero, del cual tambi\u00e9n particip\u00f3 el ministro de Industria Accastello.&hellip;<\/p>\n","protected":false},"author":3,"featured_media":7778,"comment_status":"closed","ping_status":"open","sticky":false,"template":"","format":"standard","meta":{"footnotes":""},"categories":[829],"tags":[66,67,836,241,404,405,1083,439,536,868,555,556,560,572],"class_list":["post-7777","post","type-post","status-publish","format-standard","has-post-thumbnail","hentry","category-municipales-online","tag-arroyito","tag-arroyito-cordoba","tag-arroyito-online","tag-cooperativismo","tag-gobierno-de-cordoba","tag-gobierno-de-la-provincia","tag-inaes","tag-industria","tag-ministerio-de-industria","tag-municipales-online","tag-municipalidad","tag-municipalidad-de-arroyito","tag-mutualismo","tag-noticias-de-arroyito-y-zona"],"_links":{"self":[{"href":"https:\/\/arroyitoonline.com.ar\/index.php?rest_route=\/wp\/v2\/posts\/7777","targetHints":{"allow":["GET"]}}],"collection":[{"href":"https:\/\/arroyitoonline.com.ar\/index.php?rest_route=\/wp\/v2\/posts"}],"about":[{"href":"https:\/\/arroyitoonline.com.ar\/index.php?rest_route=\/wp\/v2\/types\/post"}],"author":[{"embeddable":true,"href":"https:\/\/arroyitoonline.com.ar\/index.php?rest_route=\/wp\/v2\/users\/3"}],"replies":[{"embeddable":true,"href":"https:\/\/arroyitoonline.com.ar\/index.php?rest_route=%2Fwp%2Fv2%2Fcomments&post=7777"}],"version-history":[{"count":2,"href":"https:\/\/arroyitoonline.com.ar\/index.php?rest_route=\/wp\/v2\/posts\/7777\/revisions"}],"predecessor-version":[{"id":7782,"href":"https:\/\/arroyitoonline.com.ar\/index.php?rest_route=\/wp\/v2\/posts\/7777\/revisions\/7782"}],"wp:featuredmedia":[{"embeddable":true,"href":"https:\/\/arroyitoonline.com.ar\/index.php?rest_route=\/wp\/v2\/media\/7778"}],"wp:attachment":[{"href":"https:\/\/arroyitoonline.com.ar\/index.php?rest_route=%2Fwp%2Fv2%2Fmedia&parent=7777"}],"wp:term":[{"taxonomy":"category","embeddable":true,"href":"https:\/\/arroyitoonline.com.ar\/index.php?rest_route=%2Fwp%2Fv2%2Fcategories&post=7777"},{"taxonomy":"post_tag","embeddable":true,"href":"https:\/\/arroyitoonline.com.ar\/index.php?rest_route=%2Fwp%2Fv2%2Ftags&post=7777"}],"curies":[{"name":"wp","href":"https:\/\/api.w.org\/{rel}","templated":true}]}}