{"id":7783,"date":"2020-02-25T17:37:41","date_gmt":"2020-02-25T17:37:41","guid":{"rendered":"https:\/\/arroyitoonline.com.ar\/?p=7783"},"modified":"2020-02-25T17:40:00","modified_gmt":"2020-02-25T17:40:00","slug":"el-gobierno-municipal-entrego-una-nueva-silla-de-ruedas-a-kevin","status":"publish","type":"post","link":"https:\/\/arroyitoonline.com.ar\/?p=7783","title":{"rendered":"El Gobierno Municipal entreg\u00f3 una nueva silla de ruedas a Kevin"},"content":{"rendered":"\n<p><strong>Este es el segundo veh\u00edculo ortop\u00e9dico que la Oficina de Discapacidad consigue y entrega, gracias al apoyo de distintos voluntarios. <\/strong><\/p>\n\n\n\n<p>El intendente Gustavo Benedetti, a trav\u00e9s de la oficina de Discapacidad y del \u00e1rea de Tercera Edad, hicieron entrega de una nueva silla de ruedas a Kevin, en el marco de las pol\u00edticas de desarrollo social en curso.<\/p>\n\n\n\n<p><em>&#8220;La promoci\u00f3n para el desarrollo social y la atenci\u00f3n a las demandas de la poblaci\u00f3n se cristalizan en grandes acciones sociales mediante voluntad pol\u00edtica&#8221;<\/em>, se\u00f1alaron desde el Gobierno Municipal, y agregaron que <em>&#8220;En este caso, la necesidad de una familia de Arroyito para cumplir con&nbsp;los requerimientos del inicio escolar, y un gobierno atento, permitieron que se concrete este noble hecho&#8221;<\/em>. <\/p>\n\n\n\n<figure class=\"wp-block-image\"><img loading=\"lazy\" decoding=\"async\" width=\"648\" height=\"648\" src=\"https:\/\/arroyitoonline.com.ar\/wp-content\/uploads\/2020\/02\/silla_kevin-1.jpg\" alt=\"\" class=\"wp-image-7785\" srcset=\"https:\/\/arroyitoonline.com.ar\/wp-content\/uploads\/2020\/02\/silla_kevin-1.jpg 648w, https:\/\/arroyitoonline.com.ar\/wp-content\/uploads\/2020\/02\/silla_kevin-1-150x150.jpg 150w, https:\/\/arroyitoonline.com.ar\/wp-content\/uploads\/2020\/02\/silla_kevin-1-300x300.jpg 300w\" sizes=\"auto, (max-width: 648px) 100vw, 648px\" \/><figcaption><em>El peque\u00f1o Kevin, en su nueva silla de ruedas<\/em><\/figcaption><\/figure>\n\n\n\n<p>Adem\u00e1, explicaron que se trata de la segunda silla de ruedas que la Oficina de Discapacidad consigue y entrega, gracias al apoyo de distintos voluntarios y avisaron que las donaciones de elementos ortop\u00e9dicos para las personas con discapacidad prometen convertirse pronto, en un nuevo Programa Municipal para la Inclusi\u00f3n.<\/p>\n\n\n\n<p><em>&#8220;Seguimos trabajando en la puesta en marcha de la oficina de Discapacidad y en el Registro de personas con discapacidad que est\u00e1 llevando adelante la misma&#8221;<\/em>, finalizaron.<\/p>\n\n\n\n<p>Fuente: Comunicaci\u00f3n y Protocolo.<\/p>\n","protected":false},"excerpt":{"rendered":"<p>Este es el segundo veh\u00edculo ortop\u00e9dico que la Oficina de Discapacidad consigue y entrega, gracias al apoyo de distintos voluntarios.&hellip;<\/p>\n","protected":false},"author":3,"featured_media":7784,"comment_status":"closed","ping_status":"open","sticky":false,"template":"","format":"standard","meta":{"footnotes":""},"categories":[860],"tags":[66,67,836,296,968,555,556,572,738],"class_list":["post-7783","post","type-post","status-publish","format-standard","has-post-thumbnail","hentry","category-solidaridad-online","tag-arroyito","tag-arroyito-cordoba","tag-arroyito-online","tag-discapacidad","tag-gustavo-benedetti","tag-municipalidad","tag-municipalidad-de-arroyito","tag-noticias-de-arroyito-y-zona","tag-solidaridad"],"_links":{"self":[{"href":"https:\/\/arroyitoonline.com.ar\/index.php?rest_route=\/wp\/v2\/posts\/7783","targetHints":{"allow":["GET"]}}],"collection":[{"href":"https:\/\/arroyitoonline.com.ar\/index.php?rest_route=\/wp\/v2\/posts"}],"about":[{"href":"https:\/\/arroyitoonline.com.ar\/index.php?rest_route=\/wp\/v2\/types\/post"}],"author":[{"embeddable":true,"href":"https:\/\/arroyitoonline.com.ar\/index.php?rest_route=\/wp\/v2\/users\/3"}],"replies":[{"embeddable":true,"href":"https:\/\/arroyitoonline.com.ar\/index.php?rest_route=%2Fwp%2Fv2%2Fcomments&post=7783"}],"version-history":[{"count":2,"href":"https:\/\/arroyitoonline.com.ar\/index.php?rest_route=\/wp\/v2\/posts\/7783\/revisions"}],"predecessor-version":[{"id":7788,"href":"https:\/\/arroyitoonline.com.ar\/index.php?rest_route=\/wp\/v2\/posts\/7783\/revisions\/7788"}],"wp:featuredmedia":[{"embeddable":true,"href":"https:\/\/arroyitoonline.com.ar\/index.php?rest_route=\/wp\/v2\/media\/7784"}],"wp:attachment":[{"href":"https:\/\/arroyitoonline.com.ar\/index.php?rest_route=%2Fwp%2Fv2%2Fmedia&parent=7783"}],"wp:term":[{"taxonomy":"category","embeddable":true,"href":"https:\/\/arroyitoonline.com.ar\/index.php?rest_route=%2Fwp%2Fv2%2Fcategories&post=7783"},{"taxonomy":"post_tag","embeddable":true,"href":"https:\/\/arroyitoonline.com.ar\/index.php?rest_route=%2Fwp%2Fv2%2Ftags&post=7783"}],"curies":[{"name":"wp","href":"https:\/\/api.w.org\/{rel}","templated":true}]}}