{"id":7789,"date":"2020-02-26T01:59:14","date_gmt":"2020-02-26T01:59:14","guid":{"rendered":"https:\/\/arroyitoonline.com.ar\/?p=7789"},"modified":"2020-02-26T01:59:18","modified_gmt":"2020-02-26T01:59:18","slug":"con-exito-se-concreto-el-cierre-de-los-carnavales-municipales-2020","status":"publish","type":"post","link":"https:\/\/arroyitoonline.com.ar\/?p=7789","title":{"rendered":"Con \u00e9xito, se concret\u00f3 el cierre de los Carnavales Municipales 2020"},"content":{"rendered":"\n<p><strong>Participaron comparsas locales, de Tr\u00e1nsito y R\u00edo Primero, con el cierre bailable a cargo de Banda Mix y Claudio Toledo.<\/strong><\/p>\n\n\n\n<p>Anoche, la secretar\u00eda de Educaci\u00f3n y Cultura concret\u00f3, con gran esfuerzo, el cierre de los Carnavales Municipales 2020. En la oportunidad, el evento recibi\u00f3 el auspicio de la Agencia C\u00f3rdoba Turismo del Gobierno de la Provincia de C\u00f3rdoba.<br><\/p>\n\n\n\n<p>En la ocasi\u00f3n, el intendente Gustavo Benedetti y la viceintendente Mar\u00eda Jos\u00e9 Esp\u00f3sito, dieron inicio a los tradicionales festejos recordando su <em>&#8220;importancia cultural&#8221;<\/em> para todos los vecinos. <br><\/p>\n\n\n\n<p>Adem\u00e1s, Benedetti estableci\u00f3 que <em>\u201ctenemos que disfrutar, entre todos, de cada uno de los eventos que podamos realizar desde el Municipio, estos demuestran el trabajo de las instituciones y tambi\u00e9n las distintas actividades que tiene nuestra ciudad\u201d<\/em> resaltando que <em>\u201cLa cultura, la educaci\u00f3n y el deporte tienen que estar presentes en cada uno de los sectores de nuestra ciudad\u201d.<\/em><br><\/p>\n\n\n\n<figure class=\"wp-block-image\"><img loading=\"lazy\" decoding=\"async\" width=\"1024\" height=\"682\" src=\"https:\/\/arroyitoonline.com.ar\/wp-content\/uploads\/2020\/02\/carnaval-municipal-benedetti-esp\u00f3sito-reina-1024x682.jpeg\" alt=\"\" class=\"wp-image-7790\" srcset=\"https:\/\/arroyitoonline.com.ar\/wp-content\/uploads\/2020\/02\/carnaval-municipal-benedetti-esp\u00f3sito-reina-1024x682.jpeg 1024w, https:\/\/arroyitoonline.com.ar\/wp-content\/uploads\/2020\/02\/carnaval-municipal-benedetti-esp\u00f3sito-reina-300x200.jpeg 300w, https:\/\/arroyitoonline.com.ar\/wp-content\/uploads\/2020\/02\/carnaval-municipal-benedetti-esp\u00f3sito-reina-768x511.jpeg 768w, https:\/\/arroyitoonline.com.ar\/wp-content\/uploads\/2020\/02\/carnaval-municipal-benedetti-esp\u00f3sito-reina.jpeg 1280w\" sizes=\"auto, (max-width: 1024px) 100vw, 1024px\" \/><figcaption><em>La viceintendenta Mar\u00eda Jos\u00e9 Esp\u00f3sito, la Reina de Arroyito Delfina Micaelli y el intendente Gustavo Benedetti<\/em><\/figcaption><\/figure>\n\n\n\n<p>En la ocasi\u00f3n, la flamante Comparsa Municipal se luci\u00f3 con importante despliegue, trajes \u00fanicos y, sobre todo, pasi\u00f3n puesta de manifiesto en el espect\u00e1culo.<\/p>\n\n\n\n<p>Desde el Gobierno Municipal felicitaron a la Casa de la Cultura, Elizabeth Ferreyra, Gabriela Carabajal <em>&#8220;y a todos los colaboradores que han permitido, con esmerados esfuerzos, que la Comparsa Municipal est\u00e9 presente en ambas ediciones de este 2020&#8221;<\/em>.<br><\/p>\n\n\n\n<p>Tambi\u00e9n agradecieron la participaci\u00f3n de las comparsas Sol Naciente, Aramyver\u00e1, Ohana y Zab Al\u00ed de Arroyito; Academia Pasi\u00f3n Latina; las comparsas Ala\u00ed de R\u00edo Primero y Amarena de Tr\u00e1nsito y <em>&#8220;el aporte de cada colaborador para la realizaci\u00f3n de este acto cultural, a Banda Mix y Claudio Toledo, por la m\u00fasica que nos permiti\u00f3 disfrutar de un gran cierre bailable; y a la Reina de la Ciudad de Arroyito, Mar\u00eda Delfina Micaelli, por su presencia&#8221;<\/em>. <\/p>\n\n\n\n<p>Fuente: Comunicaci\u00f3n y Protocolo.<\/p>\n","protected":false},"excerpt":{"rendered":"<p>Participaron comparsas locales, de Tr\u00e1nsito y R\u00edo Primero, con el cierre bailable a cargo de Banda Mix y Claudio Toledo.&hellip;<\/p>\n","protected":false},"author":3,"featured_media":7791,"comment_status":"closed","ping_status":"open","sticky":false,"template":"","format":"standard","meta":{"footnotes":""},"categories":[826],"tags":[66,67,836,155,221,351,862,968,555,556,572],"class_list":["post-7789","post","type-post","status-publish","format-standard","has-post-thumbnail","hentry","category-espectaculos-online","tag-arroyito","tag-arroyito-cordoba","tag-arroyito-online","tag-carnaval","tag-comparsas","tag-espectaculos","tag-espectaculos-online","tag-gustavo-benedetti","tag-municipalidad","tag-municipalidad-de-arroyito","tag-noticias-de-arroyito-y-zona"],"_links":{"self":[{"href":"https:\/\/arroyitoonline.com.ar\/index.php?rest_route=\/wp\/v2\/posts\/7789","targetHints":{"allow":["GET"]}}],"collection":[{"href":"https:\/\/arroyitoonline.com.ar\/index.php?rest_route=\/wp\/v2\/posts"}],"about":[{"href":"https:\/\/arroyitoonline.com.ar\/index.php?rest_route=\/wp\/v2\/types\/post"}],"author":[{"embeddable":true,"href":"https:\/\/arroyitoonline.com.ar\/index.php?rest_route=\/wp\/v2\/users\/3"}],"replies":[{"embeddable":true,"href":"https:\/\/arroyitoonline.com.ar\/index.php?rest_route=%2Fwp%2Fv2%2Fcomments&post=7789"}],"version-history":[{"count":1,"href":"https:\/\/arroyitoonline.com.ar\/index.php?rest_route=\/wp\/v2\/posts\/7789\/revisions"}],"predecessor-version":[{"id":7792,"href":"https:\/\/arroyitoonline.com.ar\/index.php?rest_route=\/wp\/v2\/posts\/7789\/revisions\/7792"}],"wp:featuredmedia":[{"embeddable":true,"href":"https:\/\/arroyitoonline.com.ar\/index.php?rest_route=\/wp\/v2\/media\/7791"}],"wp:attachment":[{"href":"https:\/\/arroyitoonline.com.ar\/index.php?rest_route=%2Fwp%2Fv2%2Fmedia&parent=7789"}],"wp:term":[{"taxonomy":"category","embeddable":true,"href":"https:\/\/arroyitoonline.com.ar\/index.php?rest_route=%2Fwp%2Fv2%2Fcategories&post=7789"},{"taxonomy":"post_tag","embeddable":true,"href":"https:\/\/arroyitoonline.com.ar\/index.php?rest_route=%2Fwp%2Fv2%2Ftags&post=7789"}],"curies":[{"name":"wp","href":"https:\/\/api.w.org\/{rel}","templated":true}]}}