{"id":7813,"date":"2020-02-27T02:18:25","date_gmt":"2020-02-27T02:18:25","guid":{"rendered":"https:\/\/arroyitoonline.com.ar\/?p=7813"},"modified":"2020-02-27T02:18:30","modified_gmt":"2020-02-27T02:18:30","slug":"la-policia-detuvo-a-joven-que-ingreso-al-patio-de-una-vivienda","status":"publish","type":"post","link":"https:\/\/arroyitoonline.com.ar\/?p=7813","title":{"rendered":"La Polic\u00eda detuvo a joven que ingres\u00f3 al patio de una vivienda"},"content":{"rendered":"\n<p><strong>El sujeto de 22 a\u00f1os qued\u00f3 alojado en la Comisar\u00eda, por supuesto autor de los delitos de resistencia a la autoridad y violaci\u00f3n de domicilio.<\/strong><\/p>\n\n\n\n<p>El domingo a las 6:30 horas, un hombre desconocido por los moradores irrumpi\u00f3 en el patio de la vivienda ubicada sobre calle Col\u00f3n al 200.<\/p>\n\n\n\n<p>En el lugar, personal policial ingres\u00f3 a la casa realizando un control interno, donde hall\u00f3 al joven quien, aunque opuso resistencia e intent\u00f3 darse a la fuga, fue aprehendido y trasladado a la Comisar\u00eda. All\u00ed result\u00f3 identificado. Tiene 22 a\u00f1os y es de Arroyito.<\/p>\n\n\n\n<p>El sujeto qued\u00f3 alojado en sede policial a disposici\u00f3n de la Fiscal\u00eda de Instrucci\u00f3n local, por supuesto autor de los delitos de resistencia a la autoridad y violaci\u00f3n de domicilio.<\/p>\n\n\n\n<p>Fuente: informe del comisario Inspector Pablo Berardo, jefe de Zona de Inspecci\u00f3n N\u00b0 4. <\/p>\n","protected":false},"excerpt":{"rendered":"<p>El sujeto de 22 a\u00f1os qued\u00f3 alojado en la Comisar\u00eda, por supuesto autor de los delitos de resistencia a la&hellip;<\/p>\n","protected":false},"author":3,"featured_media":3993,"comment_status":"closed","ping_status":"open","sticky":false,"template":"","format":"standard","meta":{"footnotes":""},"categories":[824],"tags":[66,67,836,270,471,572,635,637,638,825,1008],"class_list":["post-7813","post","type-post","status-publish","format-standard","has-post-thumbnail","hentry","category-policiales-online","tag-arroyito","tag-arroyito-cordoba","tag-arroyito-online","tag-delito","tag-jovenes","tag-noticias-de-arroyito-y-zona","tag-policia","tag-policiales","tag-policiales-arroyito","tag-policiales-online","tag-violacion-de-domicilio"],"_links":{"self":[{"href":"https:\/\/arroyitoonline.com.ar\/index.php?rest_route=\/wp\/v2\/posts\/7813","targetHints":{"allow":["GET"]}}],"collection":[{"href":"https:\/\/arroyitoonline.com.ar\/index.php?rest_route=\/wp\/v2\/posts"}],"about":[{"href":"https:\/\/arroyitoonline.com.ar\/index.php?rest_route=\/wp\/v2\/types\/post"}],"author":[{"embeddable":true,"href":"https:\/\/arroyitoonline.com.ar\/index.php?rest_route=\/wp\/v2\/users\/3"}],"replies":[{"embeddable":true,"href":"https:\/\/arroyitoonline.com.ar\/index.php?rest_route=%2Fwp%2Fv2%2Fcomments&post=7813"}],"version-history":[{"count":1,"href":"https:\/\/arroyitoonline.com.ar\/index.php?rest_route=\/wp\/v2\/posts\/7813\/revisions"}],"predecessor-version":[{"id":7814,"href":"https:\/\/arroyitoonline.com.ar\/index.php?rest_route=\/wp\/v2\/posts\/7813\/revisions\/7814"}],"wp:featuredmedia":[{"embeddable":true,"href":"https:\/\/arroyitoonline.com.ar\/index.php?rest_route=\/wp\/v2\/media\/3993"}],"wp:attachment":[{"href":"https:\/\/arroyitoonline.com.ar\/index.php?rest_route=%2Fwp%2Fv2%2Fmedia&parent=7813"}],"wp:term":[{"taxonomy":"category","embeddable":true,"href":"https:\/\/arroyitoonline.com.ar\/index.php?rest_route=%2Fwp%2Fv2%2Fcategories&post=7813"},{"taxonomy":"post_tag","embeddable":true,"href":"https:\/\/arroyitoonline.com.ar\/index.php?rest_route=%2Fwp%2Fv2%2Ftags&post=7813"}],"curies":[{"name":"wp","href":"https:\/\/api.w.org\/{rel}","templated":true}]}}