{"id":7815,"date":"2020-02-27T02:28:46","date_gmt":"2020-02-27T02:28:46","guid":{"rendered":"https:\/\/arroyitoonline.com.ar\/?p=7815"},"modified":"2020-02-27T02:29:34","modified_gmt":"2020-02-27T02:29:34","slug":"intento-agredir-a-otras-personas-en-la-via-publica-y-fue-detenido","status":"publish","type":"post","link":"https:\/\/arroyitoonline.com.ar\/?p=7815","title":{"rendered":"Intent\u00f3 agredir a otras personas en la v\u00eda p\u00fablica y fue detenido"},"content":{"rendered":"\n<p><strong>El joven de 22 a\u00f1os qued\u00f3 alojado en sede policial, por supuesta infracci\u00f3n al art\u00edculo 80 del C\u00f3digo de Convivencia Ciudadana. <\/strong><\/p>\n\n\n\n<p>El domingo a las 7:00 de la ma\u00f1ana, personal policial intervino en un disturbio en la v\u00eda p\u00fablica, ocurrido sobre la intersecci\u00f3n de la Av. Careto y Ruta Nacional N\u00b0 19.<\/p>\n\n\n\n<p>Como consecuencia aprehendi\u00f3 y traslad\u00f3 a la Comisar\u00eda local a un joven\nque fue identificado. Tiene 22 a\u00f1os, es de Arroyito e intentaba agredir a las\ndem\u00e1s personas.<\/p>\n\n\n\n<p>Tras la consulta con el magistrado interviniente, la Polic\u00eda labr\u00f3 actuaciones\nsumariales por supuesta infracci\u00f3n al art\u00edculo 80 (Des\u00f3rdenes P\u00fablicos) del C\u00f3digo\nde Convivencia Ciudadana, Ley Provincial N\u00b0 10.326.<\/p>\n\n\n\n<p>Fuente: informe del comisario Inspector Pablo Berardo, jefe de Zona de\nInspecci\u00f3n N\u00b0 4.<\/p>\n","protected":false},"excerpt":{"rendered":"<p>El joven de 22 a\u00f1os qued\u00f3 alojado en sede policial, por supuesta infracci\u00f3n al art\u00edculo 80 del C\u00f3digo de Convivencia&hellip;<\/p>\n","protected":false},"author":3,"featured_media":2723,"comment_status":"closed","ping_status":"open","sticky":false,"template":"","format":"standard","meta":{"footnotes":""},"categories":[824],"tags":[66,67,836,209,572,635,637,638,825],"class_list":["post-7815","post","type-post","status-publish","format-standard","has-post-thumbnail","hentry","category-policiales-online","tag-arroyito","tag-arroyito-cordoba","tag-arroyito-online","tag-codigo-de-convivencia-ciudadana","tag-noticias-de-arroyito-y-zona","tag-policia","tag-policiales","tag-policiales-arroyito","tag-policiales-online"],"_links":{"self":[{"href":"https:\/\/arroyitoonline.com.ar\/index.php?rest_route=\/wp\/v2\/posts\/7815","targetHints":{"allow":["GET"]}}],"collection":[{"href":"https:\/\/arroyitoonline.com.ar\/index.php?rest_route=\/wp\/v2\/posts"}],"about":[{"href":"https:\/\/arroyitoonline.com.ar\/index.php?rest_route=\/wp\/v2\/types\/post"}],"author":[{"embeddable":true,"href":"https:\/\/arroyitoonline.com.ar\/index.php?rest_route=\/wp\/v2\/users\/3"}],"replies":[{"embeddable":true,"href":"https:\/\/arroyitoonline.com.ar\/index.php?rest_route=%2Fwp%2Fv2%2Fcomments&post=7815"}],"version-history":[{"count":2,"href":"https:\/\/arroyitoonline.com.ar\/index.php?rest_route=\/wp\/v2\/posts\/7815\/revisions"}],"predecessor-version":[{"id":7818,"href":"https:\/\/arroyitoonline.com.ar\/index.php?rest_route=\/wp\/v2\/posts\/7815\/revisions\/7818"}],"wp:featuredmedia":[{"embeddable":true,"href":"https:\/\/arroyitoonline.com.ar\/index.php?rest_route=\/wp\/v2\/media\/2723"}],"wp:attachment":[{"href":"https:\/\/arroyitoonline.com.ar\/index.php?rest_route=%2Fwp%2Fv2%2Fmedia&parent=7815"}],"wp:term":[{"taxonomy":"category","embeddable":true,"href":"https:\/\/arroyitoonline.com.ar\/index.php?rest_route=%2Fwp%2Fv2%2Fcategories&post=7815"},{"taxonomy":"post_tag","embeddable":true,"href":"https:\/\/arroyitoonline.com.ar\/index.php?rest_route=%2Fwp%2Fv2%2Ftags&post=7815"}],"curies":[{"name":"wp","href":"https:\/\/api.w.org\/{rel}","templated":true}]}}