{"id":7833,"date":"2020-02-27T13:29:46","date_gmt":"2020-02-27T13:29:46","guid":{"rendered":"https:\/\/arroyitoonline.com.ar\/?p=7833"},"modified":"2020-02-27T13:29:47","modified_gmt":"2020-02-27T13:29:47","slug":"los-carnavales-llegan-al-hogar-de-ancianos-san-juan-xxiii","status":"publish","type":"post","link":"https:\/\/arroyitoonline.com.ar\/?p=7833","title":{"rendered":"Los Carnavales llegan al Hogar de Ancianos San Juan XXIII"},"content":{"rendered":"\n<p><strong>Habr\u00e1 m\u00fasica, magia y la presentaci\u00f3n de la Comparsa Municipal, con el cierre coreogr\u00e1fico de los propios residentes.<\/strong><\/p>\n\n\n\n<p>Ma\u00f1ana viernes 28 de febrero, el Hogar de Ancianos San Juan XXIII tendr\u00e1 sus Carnavales, desde las 21.30 horas, en Av. Marcial Vaudagna 847, sede de la instituci\u00f3n.<\/p>\n\n\n\n<figure class=\"wp-block-image\"><img loading=\"lazy\" decoding=\"async\" width=\"1024\" height=\"1024\" src=\"https:\/\/arroyitoonline.com.ar\/wp-content\/uploads\/2020\/02\/carnavales_hogar-1024x1024.jpeg\" alt=\"\" class=\"wp-image-7834\" srcset=\"https:\/\/arroyitoonline.com.ar\/wp-content\/uploads\/2020\/02\/carnavales_hogar-1024x1024.jpeg 1024w, https:\/\/arroyitoonline.com.ar\/wp-content\/uploads\/2020\/02\/carnavales_hogar-150x150.jpeg 150w, https:\/\/arroyitoonline.com.ar\/wp-content\/uploads\/2020\/02\/carnavales_hogar-300x300.jpeg 300w, https:\/\/arroyitoonline.com.ar\/wp-content\/uploads\/2020\/02\/carnavales_hogar-768x768.jpeg 768w, https:\/\/arroyitoonline.com.ar\/wp-content\/uploads\/2020\/02\/carnavales_hogar.jpeg 1181w\" sizes=\"auto, (max-width: 1024px) 100vw, 1024px\" \/><\/figure>\n\n\n\n<p>Esta jornada especial contar\u00e1 con propuestas como la participaci\u00f3n de la Comparsa Municipal, pasando por un show de magia, hasta la presentaci\u00f3n del cantante Mario, que amenizar\u00e1 la velada con baladas y cuartetos. Adem\u00e1s, como broche de la noche, los residentes cantar\u00e1n una canci\u00f3n y la representar\u00e1n con una coreograf\u00eda.<\/p>\n\n\n\n<p>Fuente: Comunicaci\u00f3n y Protocolo.<\/p>\n","protected":false},"excerpt":{"rendered":"<p>Habr\u00e1 m\u00fasica, magia y la presentaci\u00f3n de la Comparsa Municipal, con el cierre coreogr\u00e1fico de los propios residentes. Ma\u00f1ana viernes&hellip;<\/p>\n","protected":false},"author":3,"featured_media":7835,"comment_status":"closed","ping_status":"open","sticky":false,"template":"","format":"standard","meta":{"footnotes":""},"categories":[826],"tags":[66,67,836,155,351,862,419,420,556,572],"class_list":["post-7833","post","type-post","status-publish","format-standard","has-post-thumbnail","hentry","category-espectaculos-online","tag-arroyito","tag-arroyito-cordoba","tag-arroyito-online","tag-carnaval","tag-espectaculos","tag-espectaculos-online","tag-hogar-de-ancianos","tag-hogar-de-ancianos-arroyito","tag-municipalidad-de-arroyito","tag-noticias-de-arroyito-y-zona"],"_links":{"self":[{"href":"https:\/\/arroyitoonline.com.ar\/index.php?rest_route=\/wp\/v2\/posts\/7833","targetHints":{"allow":["GET"]}}],"collection":[{"href":"https:\/\/arroyitoonline.com.ar\/index.php?rest_route=\/wp\/v2\/posts"}],"about":[{"href":"https:\/\/arroyitoonline.com.ar\/index.php?rest_route=\/wp\/v2\/types\/post"}],"author":[{"embeddable":true,"href":"https:\/\/arroyitoonline.com.ar\/index.php?rest_route=\/wp\/v2\/users\/3"}],"replies":[{"embeddable":true,"href":"https:\/\/arroyitoonline.com.ar\/index.php?rest_route=%2Fwp%2Fv2%2Fcomments&post=7833"}],"version-history":[{"count":1,"href":"https:\/\/arroyitoonline.com.ar\/index.php?rest_route=\/wp\/v2\/posts\/7833\/revisions"}],"predecessor-version":[{"id":7836,"href":"https:\/\/arroyitoonline.com.ar\/index.php?rest_route=\/wp\/v2\/posts\/7833\/revisions\/7836"}],"wp:featuredmedia":[{"embeddable":true,"href":"https:\/\/arroyitoonline.com.ar\/index.php?rest_route=\/wp\/v2\/media\/7835"}],"wp:attachment":[{"href":"https:\/\/arroyitoonline.com.ar\/index.php?rest_route=%2Fwp%2Fv2%2Fmedia&parent=7833"}],"wp:term":[{"taxonomy":"category","embeddable":true,"href":"https:\/\/arroyitoonline.com.ar\/index.php?rest_route=%2Fwp%2Fv2%2Fcategories&post=7833"},{"taxonomy":"post_tag","embeddable":true,"href":"https:\/\/arroyitoonline.com.ar\/index.php?rest_route=%2Fwp%2Fv2%2Ftags&post=7833"}],"curies":[{"name":"wp","href":"https:\/\/api.w.org\/{rel}","templated":true}]}}