{"id":7837,"date":"2020-02-27T13:39:35","date_gmt":"2020-02-27T13:39:35","guid":{"rendered":"https:\/\/arroyitoonline.com.ar\/?p=7837"},"modified":"2020-02-27T13:41:18","modified_gmt":"2020-02-27T13:41:18","slug":"la-segunda-jornada-de-siembra-tendra-como-sede-a-la-curva","status":"publish","type":"post","link":"https:\/\/arroyitoonline.com.ar\/?p=7837","title":{"rendered":"La segunda Jornada de Siembra tendr\u00e1 como sede a La Curva"},"content":{"rendered":"\n<p><strong>Se trata de una nueva capacitaci\u00f3n para el cultivo de verduras, hortalizas y arom\u00e1ticas, a&nbsp;desarrollarse&nbsp;en&nbsp;el&nbsp;vecino&nbsp;paraje.&nbsp;<\/strong><\/p>\n\n\n\n<p>El \u00e1rea municipal de Ambiente y Energ\u00eda lanz\u00f3, d\u00edas pasados, el Programa de Agricultura Urbana. En este marco, se desarrollar\u00e1 la segunda Jornada de Siembra de verduras, hortalizas y arom\u00e1ticas.<\/p>\n\n\n\n<figure class=\"wp-block-image\"><img loading=\"lazy\" decoding=\"async\" width=\"1024\" height=\"1024\" src=\"https:\/\/arroyitoonline.com.ar\/wp-content\/uploads\/2020\/02\/jornada-de-siempre-la-curva-1024x1024.jpeg\" alt=\"\" class=\"wp-image-7838\" srcset=\"https:\/\/arroyitoonline.com.ar\/wp-content\/uploads\/2020\/02\/jornada-de-siempre-la-curva-1024x1024.jpeg 1024w, https:\/\/arroyitoonline.com.ar\/wp-content\/uploads\/2020\/02\/jornada-de-siempre-la-curva-150x150.jpeg 150w, https:\/\/arroyitoonline.com.ar\/wp-content\/uploads\/2020\/02\/jornada-de-siempre-la-curva-300x300.jpeg 300w, https:\/\/arroyitoonline.com.ar\/wp-content\/uploads\/2020\/02\/jornada-de-siempre-la-curva-768x768.jpeg 768w, https:\/\/arroyitoonline.com.ar\/wp-content\/uploads\/2020\/02\/jornada-de-siempre-la-curva.jpeg 1181w\" sizes=\"auto, (max-width: 1024px) 100vw, 1024px\" \/><figcaption><em>La segunda Jornada de Siembra tendr\u00e1 como sede al paraje La Curva<\/em><\/figcaption><\/figure>\n\n\n\n<p>Esta vez, la actividad se realizar\u00e1 en el predio donde se encuentra el tanque del agua del paraje La Curva, este s\u00e1bado 29 de febrero, a las 16:30 horas.<br><\/p>\n\n\n\n<p>Desde el Gobierno Municipal invitan a familias y amigos de Arroyito para que participen de este evento de siembra, para grandes y chicos; donde lo sembrado podr\u00e1 ser cosechado de manera comunitaria por y para los vecinos.<\/p>\n\n\n\n<p>#Eleg\u00edsembrar<\/p>\n\n\n\n<p>Fuente: Comunicaci\u00f3n y Protocolo.<\/p>\n","protected":false},"excerpt":{"rendered":"<p>Se trata de una nueva capacitaci\u00f3n para el cultivo de verduras, hortalizas y arom\u00e1ticas, a&nbsp;desarrollarse&nbsp;en&nbsp;el&nbsp;vecino&nbsp;paraje.&nbsp; El \u00e1rea municipal de Ambiente&hellip;<\/p>\n","protected":false},"author":3,"featured_media":7507,"comment_status":"closed","ping_status":"open","sticky":false,"template":"","format":"standard","meta":{"footnotes":""},"categories":[913,829],"tags":[66,67,836,1077,483,868,555,556,572],"class_list":["post-7837","post","type-post","status-publish","format-standard","has-post-thumbnail","hentry","category-medio-ambiente","category-municipales-online","tag-arroyito","tag-arroyito-cordoba","tag-arroyito-online","tag-huerta","tag-la-curva","tag-municipales-online","tag-municipalidad","tag-municipalidad-de-arroyito","tag-noticias-de-arroyito-y-zona"],"_links":{"self":[{"href":"https:\/\/arroyitoonline.com.ar\/index.php?rest_route=\/wp\/v2\/posts\/7837","targetHints":{"allow":["GET"]}}],"collection":[{"href":"https:\/\/arroyitoonline.com.ar\/index.php?rest_route=\/wp\/v2\/posts"}],"about":[{"href":"https:\/\/arroyitoonline.com.ar\/index.php?rest_route=\/wp\/v2\/types\/post"}],"author":[{"embeddable":true,"href":"https:\/\/arroyitoonline.com.ar\/index.php?rest_route=\/wp\/v2\/users\/3"}],"replies":[{"embeddable":true,"href":"https:\/\/arroyitoonline.com.ar\/index.php?rest_route=%2Fwp%2Fv2%2Fcomments&post=7837"}],"version-history":[{"count":2,"href":"https:\/\/arroyitoonline.com.ar\/index.php?rest_route=\/wp\/v2\/posts\/7837\/revisions"}],"predecessor-version":[{"id":7840,"href":"https:\/\/arroyitoonline.com.ar\/index.php?rest_route=\/wp\/v2\/posts\/7837\/revisions\/7840"}],"wp:featuredmedia":[{"embeddable":true,"href":"https:\/\/arroyitoonline.com.ar\/index.php?rest_route=\/wp\/v2\/media\/7507"}],"wp:attachment":[{"href":"https:\/\/arroyitoonline.com.ar\/index.php?rest_route=%2Fwp%2Fv2%2Fmedia&parent=7837"}],"wp:term":[{"taxonomy":"category","embeddable":true,"href":"https:\/\/arroyitoonline.com.ar\/index.php?rest_route=%2Fwp%2Fv2%2Fcategories&post=7837"},{"taxonomy":"post_tag","embeddable":true,"href":"https:\/\/arroyitoonline.com.ar\/index.php?rest_route=%2Fwp%2Fv2%2Ftags&post=7837"}],"curies":[{"name":"wp","href":"https:\/\/api.w.org\/{rel}","templated":true}]}}