{"id":7848,"date":"2020-02-27T14:40:14","date_gmt":"2020-02-27T14:40:14","guid":{"rendered":"https:\/\/arroyitoonline.com.ar\/?p=7848"},"modified":"2020-02-27T14:40:16","modified_gmt":"2020-02-27T14:40:16","slug":"el-domingo-se-inicia-el-periodo-de-sesiones-ordinarias-del-concejo-deliberante","status":"publish","type":"post","link":"https:\/\/arroyitoonline.com.ar\/?p=7848","title":{"rendered":"El domingo se inicia el Per\u00edodo de Sesiones Ordinarias del Concejo Deliberante"},"content":{"rendered":"\n<p><strong>Como cada primero de marzo, el intendente pronunciar\u00e1 el discurso inaugural. Ser\u00e1 el primero de Benedetti en esta nueva gesti\u00f3n.<\/strong><\/p>\n\n\n\n<p>El Gobierno Municipal, a trav\u00e9s del intendente Gustavo Benedetti y de la viceintendente Mar\u00eda Jos\u00e9 Esp\u00f3sito, invita a toda la comunidad de Arroyito, La Curva y El Fuertecito, para que participen del Acto de Apertura del Per\u00edodo de Sesiones Ordinarias del Concejo Deliberante.<\/p>\n\n\n\n<figure class=\"wp-block-image\"><img loading=\"lazy\" decoding=\"async\" width=\"1024\" height=\"1024\" src=\"https:\/\/arroyitoonline.com.ar\/wp-content\/uploads\/2020\/02\/Primera_Sesi\u00f3n_del_Concejo_Teatrillo-1024x1024.jpeg\" alt=\"\" class=\"wp-image-7849\" srcset=\"https:\/\/arroyitoonline.com.ar\/wp-content\/uploads\/2020\/02\/Primera_Sesi\u00f3n_del_Concejo_Teatrillo-1024x1024.jpeg 1024w, https:\/\/arroyitoonline.com.ar\/wp-content\/uploads\/2020\/02\/Primera_Sesi\u00f3n_del_Concejo_Teatrillo-150x150.jpeg 150w, https:\/\/arroyitoonline.com.ar\/wp-content\/uploads\/2020\/02\/Primera_Sesi\u00f3n_del_Concejo_Teatrillo-300x300.jpeg 300w, https:\/\/arroyitoonline.com.ar\/wp-content\/uploads\/2020\/02\/Primera_Sesi\u00f3n_del_Concejo_Teatrillo-768x768.jpeg 768w, https:\/\/arroyitoonline.com.ar\/wp-content\/uploads\/2020\/02\/Primera_Sesi\u00f3n_del_Concejo_Teatrillo.jpeg 1280w\" sizes=\"auto, (max-width: 1024px) 100vw, 1024px\" \/><\/figure>\n\n\n\n<p>El acto se realizar\u00e1 en el Teatrillo Municipal Jos\u00e9 Francisco Guarch (Pasaje H\u00e9ctor Orellano 1047), este domingo 1 de marzo a las 20:00 horas. En la oportunidad, Benedetti dirigir\u00e1 el primer discurso inaugural de su tercera gesti\u00f3n al frente del Municipio local. <\/p>\n\n\n\n<p>Fuente: Comunicaci\u00f3n y Protocolo.<\/p>\n","protected":false},"excerpt":{"rendered":"<p>Como cada primero de marzo, el intendente pronunciar\u00e1 el discurso inaugural. Ser\u00e1 el primero de Benedetti en esta nueva gesti\u00f3n.&hellip;<\/p>\n","protected":false},"author":3,"featured_media":7850,"comment_status":"closed","ping_status":"open","sticky":false,"template":"","format":"standard","meta":{"footnotes":""},"categories":[920],"tags":[66,67,836,115,891,227,968,572,892],"class_list":["post-7848","post","type-post","status-publish","format-standard","has-post-thumbnail","hentry","category-concejo-deliberante-online","tag-arroyito","tag-arroyito-cordoba","tag-arroyito-online","tag-benedetti","tag-concejales","tag-concejo-deliberante","tag-gustavo-benedetti","tag-noticias-de-arroyito-y-zona","tag-sesiones-ordinarias"],"_links":{"self":[{"href":"https:\/\/arroyitoonline.com.ar\/index.php?rest_route=\/wp\/v2\/posts\/7848","targetHints":{"allow":["GET"]}}],"collection":[{"href":"https:\/\/arroyitoonline.com.ar\/index.php?rest_route=\/wp\/v2\/posts"}],"about":[{"href":"https:\/\/arroyitoonline.com.ar\/index.php?rest_route=\/wp\/v2\/types\/post"}],"author":[{"embeddable":true,"href":"https:\/\/arroyitoonline.com.ar\/index.php?rest_route=\/wp\/v2\/users\/3"}],"replies":[{"embeddable":true,"href":"https:\/\/arroyitoonline.com.ar\/index.php?rest_route=%2Fwp%2Fv2%2Fcomments&post=7848"}],"version-history":[{"count":1,"href":"https:\/\/arroyitoonline.com.ar\/index.php?rest_route=\/wp\/v2\/posts\/7848\/revisions"}],"predecessor-version":[{"id":7851,"href":"https:\/\/arroyitoonline.com.ar\/index.php?rest_route=\/wp\/v2\/posts\/7848\/revisions\/7851"}],"wp:featuredmedia":[{"embeddable":true,"href":"https:\/\/arroyitoonline.com.ar\/index.php?rest_route=\/wp\/v2\/media\/7850"}],"wp:attachment":[{"href":"https:\/\/arroyitoonline.com.ar\/index.php?rest_route=%2Fwp%2Fv2%2Fmedia&parent=7848"}],"wp:term":[{"taxonomy":"category","embeddable":true,"href":"https:\/\/arroyitoonline.com.ar\/index.php?rest_route=%2Fwp%2Fv2%2Fcategories&post=7848"},{"taxonomy":"post_tag","embeddable":true,"href":"https:\/\/arroyitoonline.com.ar\/index.php?rest_route=%2Fwp%2Fv2%2Ftags&post=7848"}],"curies":[{"name":"wp","href":"https:\/\/api.w.org\/{rel}","templated":true}]}}