{"id":7857,"date":"2020-03-01T03:56:33","date_gmt":"2020-03-01T03:56:33","guid":{"rendered":"https:\/\/arroyitoonline.com.ar\/?p=7857"},"modified":"2020-03-01T03:56:35","modified_gmt":"2020-03-01T03:56:35","slug":"transito-fallecio-joven-motociclista-que-choco-con-una-camioneta","status":"publish","type":"post","link":"https:\/\/arroyitoonline.com.ar\/?p=7857","title":{"rendered":"Tr\u00e1nsito: falleci\u00f3 joven motociclista que choc\u00f3 con una camioneta"},"content":{"rendered":"\n<p><strong>El chico ten\u00eda 16 a\u00f1os y era de esa localidad. Muri\u00f3 en el hospital municipal de Arroyito.<\/strong><\/p>\n\n\n\n<p>Este s\u00e1bado a las 17:50 horas se\nprodujo un accidente fatal en Tr\u00e1nsito, producto del cual perdi\u00f3 la vida un\njoven de 16 a\u00f1os. El siniestro ocurri\u00f3 en la intersecci\u00f3n de las calles\nGobernador Sabattini y Roque S\u00e1enz Pe\u00f1a de la vecina localidad.<\/p>\n\n\n\n<p>Momentos antes, circulaba de sur a norte por S\u00e1enz Pe\u00f1a, una camioneta Nissan conducida por un hombre de 41 a\u00f1os. Por causas que tratan de establecerse, el veh\u00edculo colision\u00f3 con una moto honda XR 125 cc que ven\u00eda por Sabattini en sentido de oeste a este. <\/p>\n\n\n\n<p>En el lugar se hizo presente el servicio de emergencias de la Cooperativa de Tr\u00e1nsito, a cargo del m\u00e9dico Amadeo Carrizo, el cual traslad\u00f3 al joven motociclista al hospital municipal de Arroyito, donde falleci\u00f3 producto de las lesiones sufridas en el choque. <\/p>\n\n\n\n<p>La Polic\u00eda labr\u00f3 actuaciones\nsumariales bajo directiva de la Fiscal\u00eda de Instrucci\u00f3n de nuestra ciudad\nsolicitando la presencia de Polic\u00eda Judicial de San Francisco. <\/p>\n\n\n\n<p>Fuente: informe del comisario\nInspector Pablo Berardo, jefe de Zona de Inspecci\u00f3n N\u00b0 4.<\/p>\n\n\n\n<p>La imagen es gentileza de Ok FM\nArroyito 95.5.<\/p>\n","protected":false},"excerpt":{"rendered":"<p>El chico ten\u00eda 16 a\u00f1os y era de esa localidad. Muri\u00f3 en el hospital municipal de Arroyito. Este s\u00e1bado a&hellip;<\/p>\n","protected":false},"author":3,"featured_media":7858,"comment_status":"closed","ping_status":"open","sticky":false,"template":"","format":"standard","meta":{"footnotes":""},"categories":[824],"tags":[22,66,67,836,1086,547,572,637,638,825,737,771],"class_list":["post-7857","post","type-post","status-publish","format-standard","has-post-thumbnail","hentry","category-policiales-online","tag-accidente","tag-arroyito","tag-arroyito-cordoba","tag-arroyito-online","tag-moto","tag-motos","tag-noticias-de-arroyito-y-zona","tag-policiales","tag-policiales-arroyito","tag-policiales-online","tag-siniestro-vial","tag-transito"],"_links":{"self":[{"href":"https:\/\/arroyitoonline.com.ar\/index.php?rest_route=\/wp\/v2\/posts\/7857","targetHints":{"allow":["GET"]}}],"collection":[{"href":"https:\/\/arroyitoonline.com.ar\/index.php?rest_route=\/wp\/v2\/posts"}],"about":[{"href":"https:\/\/arroyitoonline.com.ar\/index.php?rest_route=\/wp\/v2\/types\/post"}],"author":[{"embeddable":true,"href":"https:\/\/arroyitoonline.com.ar\/index.php?rest_route=\/wp\/v2\/users\/3"}],"replies":[{"embeddable":true,"href":"https:\/\/arroyitoonline.com.ar\/index.php?rest_route=%2Fwp%2Fv2%2Fcomments&post=7857"}],"version-history":[{"count":1,"href":"https:\/\/arroyitoonline.com.ar\/index.php?rest_route=\/wp\/v2\/posts\/7857\/revisions"}],"predecessor-version":[{"id":7859,"href":"https:\/\/arroyitoonline.com.ar\/index.php?rest_route=\/wp\/v2\/posts\/7857\/revisions\/7859"}],"wp:featuredmedia":[{"embeddable":true,"href":"https:\/\/arroyitoonline.com.ar\/index.php?rest_route=\/wp\/v2\/media\/7858"}],"wp:attachment":[{"href":"https:\/\/arroyitoonline.com.ar\/index.php?rest_route=%2Fwp%2Fv2%2Fmedia&parent=7857"}],"wp:term":[{"taxonomy":"category","embeddable":true,"href":"https:\/\/arroyitoonline.com.ar\/index.php?rest_route=%2Fwp%2Fv2%2Fcategories&post=7857"},{"taxonomy":"post_tag","embeddable":true,"href":"https:\/\/arroyitoonline.com.ar\/index.php?rest_route=%2Fwp%2Fv2%2Ftags&post=7857"}],"curies":[{"name":"wp","href":"https:\/\/api.w.org\/{rel}","templated":true}]}}