{"id":7865,"date":"2020-03-02T02:30:01","date_gmt":"2020-03-02T02:30:01","guid":{"rendered":"https:\/\/arroyitoonline.com.ar\/?p=7865"},"modified":"2020-03-02T02:30:07","modified_gmt":"2020-03-02T02:30:07","slug":"el-ginecologo-bartolome-de-la-colina-disertara-sobre-cancer-de-cuello-de-utero","status":"publish","type":"post","link":"https:\/\/arroyitoonline.com.ar\/?p=7865","title":{"rendered":"El ginec\u00f3logo Bartolom\u00e9 De La Colina disertar\u00e1 sobre c\u00e1ncer de cuello de \u00fatero"},"content":{"rendered":"\n<p><strong>Esta charla gratuita tiene como objetivo que los ciudadanos y ciudadanas se informen, para que tomen conciencia. <\/strong><\/p>\n\n\n\n<p>La Direcci\u00f3n del Hospital Municipal a cargo de Melina Gallo realizar\u00e1 una charla preventiva e informativa, en relaci\u00f3n al c\u00e1ncer de cuello de \u00fatero.<\/p>\n\n\n\n<p>El evento, que ser\u00e1 gratuito, se desarrollar\u00e1 este martes 3 de marzo a las 19.00 horas, en el Teatrillo Municipal Jos\u00e9 Francisco Guarch (Pasaje H\u00e9ctor Orellano 1047) y estar\u00e1 a cargo del Ginec\u00f3logo y Obstetra Bartolom\u00e9 De La Colina.<\/p>\n\n\n\n<figure class=\"wp-block-image\"><img loading=\"lazy\" decoding=\"async\" width=\"1024\" height=\"1024\" src=\"https:\/\/arroyitoonline.com.ar\/wp-content\/uploads\/2020\/03\/charla-c\u00e1ncer-cuello-de-\u00fatero-1024x1024.jpeg\" alt=\"\" class=\"wp-image-7866\" srcset=\"https:\/\/arroyitoonline.com.ar\/wp-content\/uploads\/2020\/03\/charla-c\u00e1ncer-cuello-de-\u00fatero-1024x1024.jpeg 1024w, https:\/\/arroyitoonline.com.ar\/wp-content\/uploads\/2020\/03\/charla-c\u00e1ncer-cuello-de-\u00fatero-150x150.jpeg 150w, https:\/\/arroyitoonline.com.ar\/wp-content\/uploads\/2020\/03\/charla-c\u00e1ncer-cuello-de-\u00fatero-300x300.jpeg 300w, https:\/\/arroyitoonline.com.ar\/wp-content\/uploads\/2020\/03\/charla-c\u00e1ncer-cuello-de-\u00fatero-768x768.jpeg 768w, https:\/\/arroyitoonline.com.ar\/wp-content\/uploads\/2020\/03\/charla-c\u00e1ncer-cuello-de-\u00fatero.jpeg 1181w\" sizes=\"auto, (max-width: 1024px) 100vw, 1024px\" \/><figcaption><em>Este martes 3, el m\u00e9dico especialista en Ginecolog\u00eda y Obstetricia disertar\u00e1 sobre la enfermedad,\u00a0en\u00a0el\u00a0marco\u00a0de\u00a0la\u00a0semana\u00a0de\u00a0la\u00a0mujer.<\/em><\/figcaption><\/figure>\n\n\n\n<p>Est\u00e1 propuesta se da en el marco de una serie de actividades del Gobierno Municipal, que apuntan a la prevenci\u00f3n de enfermedades y tiene como objetivo que los ciudadanos y ciudadanas se informen, para que tomen conciencia.<\/p>\n\n\n\n<p>Fuente: Comunicaci\u00f3n y Protocolo.<\/p>\n","protected":false},"excerpt":{"rendered":"<p>Esta charla gratuita tiene como objetivo que los ciudadanos y ciudadanas se informen, para que tomen conciencia. La Direcci\u00f3n del&hellip;<\/p>\n","protected":false},"author":3,"featured_media":7867,"comment_status":"closed","ping_status":"open","sticky":false,"template":"","format":"standard","meta":{"footnotes":""},"categories":[9],"tags":[66,67,836,151,426,508,555,556,572,706],"class_list":["post-7865","post","type-post","status-publish","format-standard","has-post-thumbnail","hentry","category-infosalud","tag-arroyito","tag-arroyito-cordoba","tag-arroyito-online","tag-cancer","tag-hospital","tag-lucha-contra-el-cancer","tag-municipalidad","tag-municipalidad-de-arroyito","tag-noticias-de-arroyito-y-zona","tag-salud"],"_links":{"self":[{"href":"https:\/\/arroyitoonline.com.ar\/index.php?rest_route=\/wp\/v2\/posts\/7865","targetHints":{"allow":["GET"]}}],"collection":[{"href":"https:\/\/arroyitoonline.com.ar\/index.php?rest_route=\/wp\/v2\/posts"}],"about":[{"href":"https:\/\/arroyitoonline.com.ar\/index.php?rest_route=\/wp\/v2\/types\/post"}],"author":[{"embeddable":true,"href":"https:\/\/arroyitoonline.com.ar\/index.php?rest_route=\/wp\/v2\/users\/3"}],"replies":[{"embeddable":true,"href":"https:\/\/arroyitoonline.com.ar\/index.php?rest_route=%2Fwp%2Fv2%2Fcomments&post=7865"}],"version-history":[{"count":1,"href":"https:\/\/arroyitoonline.com.ar\/index.php?rest_route=\/wp\/v2\/posts\/7865\/revisions"}],"predecessor-version":[{"id":7868,"href":"https:\/\/arroyitoonline.com.ar\/index.php?rest_route=\/wp\/v2\/posts\/7865\/revisions\/7868"}],"wp:featuredmedia":[{"embeddable":true,"href":"https:\/\/arroyitoonline.com.ar\/index.php?rest_route=\/wp\/v2\/media\/7867"}],"wp:attachment":[{"href":"https:\/\/arroyitoonline.com.ar\/index.php?rest_route=%2Fwp%2Fv2%2Fmedia&parent=7865"}],"wp:term":[{"taxonomy":"category","embeddable":true,"href":"https:\/\/arroyitoonline.com.ar\/index.php?rest_route=%2Fwp%2Fv2%2Fcategories&post=7865"},{"taxonomy":"post_tag","embeddable":true,"href":"https:\/\/arroyitoonline.com.ar\/index.php?rest_route=%2Fwp%2Fv2%2Ftags&post=7865"}],"curies":[{"name":"wp","href":"https:\/\/api.w.org\/{rel}","templated":true}]}}