{"id":7869,"date":"2020-03-02T02:38:16","date_gmt":"2020-03-02T02:38:16","guid":{"rendered":"https:\/\/arroyitoonline.com.ar\/?p=7869"},"modified":"2020-03-02T02:38:20","modified_gmt":"2020-03-02T02:38:20","slug":"funcionarios-provinciales-prometieron-mas-fondos-para-el-mantenimiento-de-edificios-escolares","status":"publish","type":"post","link":"https:\/\/arroyitoonline.com.ar\/?p=7869","title":{"rendered":"Funcionarios provinciales prometieron m\u00e1s fondos para el mantenimiento de edificios escolares"},"content":{"rendered":"\n<p><strong>Fue en el marco de la reuni\u00f3n que mantuvo Benedetti con los responsables de Fodemeep y Plan Aurora.<\/strong><\/p>\n\n\n\n<p>El intendente, Gustavo Benedetti, y el director de Desarrollo Urbano, Mariano Margonari, recibieron, el mi\u00e9rcoles 26 de febrero, a la Arq. Macarena Barrado y a Jos\u00e9 Peralta, responsables de las medidas correspondientes a la adhesi\u00f3n al Convenio Fondo de Mantenimiento de Edificios Escolares de la Provincia (Fodemeep) y al Plan Aurora, para la ampliaci\u00f3n de edificios escolares, del Gobierno de la Provincia de C\u00f3rdoba.<\/p>\n\n\n\n<p>Durante la visita, recorrieron algunas escuelas verificando la concreci\u00f3n de las obras correspondientes a cada Plan y analizando tambi\u00e9n las necesidades de las distintas entidades educativas, a fin de que se contin\u00fae con el otorgamiento de fondos para futuras obras de mantenimiento y construcci\u00f3n.<\/p>\n\n\n\n<p>Los funcionarios provinciales aseguraron que se producir\u00e1 un incremento en las partidas durante el corriente a\u00f1o y su voluntad de trabajar junto al Benedetti, por la educaci\u00f3n de nuestra ciudad.<\/p>\n\n\n\n<p>Fuente: Comunicaci\u00f3n y Protocolo.<\/p>\n","protected":false},"excerpt":{"rendered":"<p>Fue en el marco de la reuni\u00f3n que mantuvo Benedetti con los responsables de Fodemeep y Plan Aurora. El intendente,&hellip;<\/p>\n","protected":false},"author":3,"featured_media":7870,"comment_status":"closed","ping_status":"open","sticky":false,"template":"","format":"standard","meta":{"footnotes":""},"categories":[830],"tags":[66,67,836,115,310,348,931,968,555,556,1089],"class_list":["post-7869","post","type-post","status-publish","format-standard","has-post-thumbnail","hentry","category-educacion-online","tag-arroyito","tag-arroyito-cordoba","tag-arroyito-online","tag-benedetti","tag-educacion","tag-escuelas","tag-fodemeep","tag-gustavo-benedetti","tag-municipalidad","tag-municipalidad-de-arroyito","tag-plan-aurora"],"_links":{"self":[{"href":"https:\/\/arroyitoonline.com.ar\/index.php?rest_route=\/wp\/v2\/posts\/7869","targetHints":{"allow":["GET"]}}],"collection":[{"href":"https:\/\/arroyitoonline.com.ar\/index.php?rest_route=\/wp\/v2\/posts"}],"about":[{"href":"https:\/\/arroyitoonline.com.ar\/index.php?rest_route=\/wp\/v2\/types\/post"}],"author":[{"embeddable":true,"href":"https:\/\/arroyitoonline.com.ar\/index.php?rest_route=\/wp\/v2\/users\/3"}],"replies":[{"embeddable":true,"href":"https:\/\/arroyitoonline.com.ar\/index.php?rest_route=%2Fwp%2Fv2%2Fcomments&post=7869"}],"version-history":[{"count":1,"href":"https:\/\/arroyitoonline.com.ar\/index.php?rest_route=\/wp\/v2\/posts\/7869\/revisions"}],"predecessor-version":[{"id":7871,"href":"https:\/\/arroyitoonline.com.ar\/index.php?rest_route=\/wp\/v2\/posts\/7869\/revisions\/7871"}],"wp:featuredmedia":[{"embeddable":true,"href":"https:\/\/arroyitoonline.com.ar\/index.php?rest_route=\/wp\/v2\/media\/7870"}],"wp:attachment":[{"href":"https:\/\/arroyitoonline.com.ar\/index.php?rest_route=%2Fwp%2Fv2%2Fmedia&parent=7869"}],"wp:term":[{"taxonomy":"category","embeddable":true,"href":"https:\/\/arroyitoonline.com.ar\/index.php?rest_route=%2Fwp%2Fv2%2Fcategories&post=7869"},{"taxonomy":"post_tag","embeddable":true,"href":"https:\/\/arroyitoonline.com.ar\/index.php?rest_route=%2Fwp%2Fv2%2Ftags&post=7869"}],"curies":[{"name":"wp","href":"https:\/\/api.w.org\/{rel}","templated":true}]}}