{"id":7872,"date":"2020-03-02T02:44:57","date_gmt":"2020-03-02T02:44:57","guid":{"rendered":"https:\/\/arroyitoonline.com.ar\/?p=7872"},"modified":"2020-03-02T02:44:59","modified_gmt":"2020-03-02T02:44:59","slug":"cintia-bruera-brindo-una-charla-sobre-seguridad-vial-en-el-ipetaym-n-68","status":"publish","type":"post","link":"https:\/\/arroyitoonline.com.ar\/?p=7872","title":{"rendered":"Cintia Bruera brind\u00f3 una charla sobre seguridad vial en el Ipetaym N\u00b0 68"},"content":{"rendered":"\n<p><strong>La directora municipal de Tr\u00e1nsito estuvo en el establecimiento escolar invitada por su cuerpo directivo.<\/strong><\/p>\n\n\n\n<p>El jueves 27 de febrero se realiz\u00f3 una charla preventiva sobre Seguridad Vial en la escuela secundaria Ipetaym N\u00b0 68.<\/p>\n\n\n\n<p>Invitada por medio del cuerpo directivo de la instituci\u00f3n, la disertaci\u00f3n estuvo a cargo de la directora municipal de Tr\u00e1nsito Cintia Bruera y se trataron temas relacionados al uso responsable de la v\u00eda p\u00fablica, desde el ingreso y salida del establecimiento escolar, la importancia de la utilizaci\u00f3n del casco, hasta cuidados para peatones y ciclistas.<\/p>\n\n\n\n<p>La importancia de estos encuentros para la prevenci\u00f3n sobre seguridad vial radica en el cuidado de la vida por sobre todas las cosas.<\/p>\n\n\n\n<p>Fuente: Comunicaci\u00f3n y Protocolo.<\/p>\n","protected":false},"excerpt":{"rendered":"<p>La directora municipal de Tr\u00e1nsito estuvo en el establecimiento escolar invitada por su cuerpo directivo. El jueves 27 de febrero&hellip;<\/p>\n","protected":false},"author":3,"featured_media":7873,"comment_status":"closed","ping_status":"open","sticky":false,"template":"","format":"standard","meta":{"footnotes":""},"categories":[830,942],"tags":[66,67,836,295,310,462,556,771],"class_list":["post-7872","post","type-post","status-publish","format-standard","has-post-thumbnail","hentry","category-educacion-online","category-transito","tag-arroyito","tag-arroyito-cordoba","tag-arroyito-online","tag-direccion-de-transito","tag-educacion","tag-ipetaym-68","tag-municipalidad-de-arroyito","tag-transito"],"_links":{"self":[{"href":"https:\/\/arroyitoonline.com.ar\/index.php?rest_route=\/wp\/v2\/posts\/7872","targetHints":{"allow":["GET"]}}],"collection":[{"href":"https:\/\/arroyitoonline.com.ar\/index.php?rest_route=\/wp\/v2\/posts"}],"about":[{"href":"https:\/\/arroyitoonline.com.ar\/index.php?rest_route=\/wp\/v2\/types\/post"}],"author":[{"embeddable":true,"href":"https:\/\/arroyitoonline.com.ar\/index.php?rest_route=\/wp\/v2\/users\/3"}],"replies":[{"embeddable":true,"href":"https:\/\/arroyitoonline.com.ar\/index.php?rest_route=%2Fwp%2Fv2%2Fcomments&post=7872"}],"version-history":[{"count":1,"href":"https:\/\/arroyitoonline.com.ar\/index.php?rest_route=\/wp\/v2\/posts\/7872\/revisions"}],"predecessor-version":[{"id":7874,"href":"https:\/\/arroyitoonline.com.ar\/index.php?rest_route=\/wp\/v2\/posts\/7872\/revisions\/7874"}],"wp:featuredmedia":[{"embeddable":true,"href":"https:\/\/arroyitoonline.com.ar\/index.php?rest_route=\/wp\/v2\/media\/7873"}],"wp:attachment":[{"href":"https:\/\/arroyitoonline.com.ar\/index.php?rest_route=%2Fwp%2Fv2%2Fmedia&parent=7872"}],"wp:term":[{"taxonomy":"category","embeddable":true,"href":"https:\/\/arroyitoonline.com.ar\/index.php?rest_route=%2Fwp%2Fv2%2Fcategories&post=7872"},{"taxonomy":"post_tag","embeddable":true,"href":"https:\/\/arroyitoonline.com.ar\/index.php?rest_route=%2Fwp%2Fv2%2Ftags&post=7872"}],"curies":[{"name":"wp","href":"https:\/\/api.w.org\/{rel}","templated":true}]}}