{"id":7875,"date":"2020-03-02T02:54:24","date_gmt":"2020-03-02T02:54:24","guid":{"rendered":"https:\/\/arroyitoonline.com.ar\/?p=7875"},"modified":"2020-03-02T02:54:29","modified_gmt":"2020-03-02T02:54:29","slug":"cortaran-el-pelo-gratis-a-chicos-en-edad-escolar","status":"publish","type":"post","link":"https:\/\/arroyitoonline.com.ar\/?p=7875","title":{"rendered":"Cortar\u00e1n el pelo gratis a chicos en edad escolar"},"content":{"rendered":"\n<p><strong>Peluqueros de Arroyito trabajar\u00e1n de manera voluntaria, durante los tres pr\u00f3ximos lunes, en el marco del comienzo de las clases.<\/strong><\/p>\n\n\n\n<p>La\u00a0coordinaci\u00f3n municipal de Centros Vecinales organiza jornadas de cortes de pelo gratuitos para todos los ni\u00f1os y las ni\u00f1as en edad escolar, de Arroyito, La Curva y El Fuertecito, en el marco del comienzo de las clases. <\/p>\n\n\n\n<p>Esta actividad se desarrollar\u00e1 en diferentes centros vecinales de la ciudad, por tres lunes consecutivos, de 16:00 a 19:00 horas. Se contar\u00e1 con la presencia de tres peluqueros de nuestra ciudad, que trabajar\u00e1n de manera voluntaria.<br><\/p>\n\n\n\n<figure class=\"wp-block-image\"><img loading=\"lazy\" decoding=\"async\" width=\"1024\" height=\"1024\" src=\"https:\/\/arroyitoonline.com.ar\/wp-content\/uploads\/2020\/03\/cortes-de-pelo-solidarios-1024x1024.jpeg\" alt=\"\" class=\"wp-image-7877\" srcset=\"https:\/\/arroyitoonline.com.ar\/wp-content\/uploads\/2020\/03\/cortes-de-pelo-solidarios-1024x1024.jpeg 1024w, https:\/\/arroyitoonline.com.ar\/wp-content\/uploads\/2020\/03\/cortes-de-pelo-solidarios-150x150.jpeg 150w, https:\/\/arroyitoonline.com.ar\/wp-content\/uploads\/2020\/03\/cortes-de-pelo-solidarios-300x300.jpeg 300w, https:\/\/arroyitoonline.com.ar\/wp-content\/uploads\/2020\/03\/cortes-de-pelo-solidarios-768x768.jpeg 768w, https:\/\/arroyitoonline.com.ar\/wp-content\/uploads\/2020\/03\/cortes-de-pelo-solidarios.jpeg 1181w\" sizes=\"auto, (max-width: 1024px) 100vw, 1024px\" \/><figcaption><em>Tres centros vecinales ser\u00e1n sede de esta actividad gratuita, para chicos en edad escolar<\/em><\/figcaption><\/figure>\n\n\n\n<p>\u2022\u00a0\u00a0 \u00a0Lunes 2 de marzo: Centro Vecinal Nicol\u00e1s Batalla (Pe\u00f1aloza 950).<br>\u2022\u00a0\u00a0 \u00a0Lunes 9 de marzo: Centro Vecinal San Miguel (Elbio Riba 1270).<br>\u2022\u00a0\u00a0 \u00a0Lunes 16 de marzo: Centro Vecinal Xanaes (Ram\u00f3n cabrera 330).<\/p>\n\n\n\n<p>Fuente: Comunicaci\u00f3n y Protocolo.<\/p>\n\n\n\n<p>La foto es solo a modo ilustrativo.<\/p>\n","protected":false},"excerpt":{"rendered":"<p>Peluqueros de Arroyito trabajar\u00e1n de manera voluntaria, durante los tres pr\u00f3ximos lunes, en el marco del comienzo de las clases.&hellip;<\/p>\n","protected":false},"author":3,"featured_media":7876,"comment_status":"closed","ping_status":"open","sticky":false,"template":"","format":"standard","meta":{"footnotes":""},"categories":[860],"tags":[66,67,836,181,310,315,483,555,556,738],"class_list":["post-7875","post","type-post","status-publish","format-standard","has-post-thumbnail","hentry","category-solidaridad-online","tag-arroyito","tag-arroyito-cordoba","tag-arroyito-online","tag-centros-vecinales","tag-educacion","tag-el-fuertecito","tag-la-curva","tag-municipalidad","tag-municipalidad-de-arroyito","tag-solidaridad"],"_links":{"self":[{"href":"https:\/\/arroyitoonline.com.ar\/index.php?rest_route=\/wp\/v2\/posts\/7875","targetHints":{"allow":["GET"]}}],"collection":[{"href":"https:\/\/arroyitoonline.com.ar\/index.php?rest_route=\/wp\/v2\/posts"}],"about":[{"href":"https:\/\/arroyitoonline.com.ar\/index.php?rest_route=\/wp\/v2\/types\/post"}],"author":[{"embeddable":true,"href":"https:\/\/arroyitoonline.com.ar\/index.php?rest_route=\/wp\/v2\/users\/3"}],"replies":[{"embeddable":true,"href":"https:\/\/arroyitoonline.com.ar\/index.php?rest_route=%2Fwp%2Fv2%2Fcomments&post=7875"}],"version-history":[{"count":1,"href":"https:\/\/arroyitoonline.com.ar\/index.php?rest_route=\/wp\/v2\/posts\/7875\/revisions"}],"predecessor-version":[{"id":7878,"href":"https:\/\/arroyitoonline.com.ar\/index.php?rest_route=\/wp\/v2\/posts\/7875\/revisions\/7878"}],"wp:featuredmedia":[{"embeddable":true,"href":"https:\/\/arroyitoonline.com.ar\/index.php?rest_route=\/wp\/v2\/media\/7876"}],"wp:attachment":[{"href":"https:\/\/arroyitoonline.com.ar\/index.php?rest_route=%2Fwp%2Fv2%2Fmedia&parent=7875"}],"wp:term":[{"taxonomy":"category","embeddable":true,"href":"https:\/\/arroyitoonline.com.ar\/index.php?rest_route=%2Fwp%2Fv2%2Fcategories&post=7875"},{"taxonomy":"post_tag","embeddable":true,"href":"https:\/\/arroyitoonline.com.ar\/index.php?rest_route=%2Fwp%2Fv2%2Ftags&post=7875"}],"curies":[{"name":"wp","href":"https:\/\/api.w.org\/{rel}","templated":true}]}}