{"id":7879,"date":"2020-03-02T03:07:39","date_gmt":"2020-03-02T03:07:39","guid":{"rendered":"https:\/\/arroyitoonline.com.ar\/?p=7879"},"modified":"2020-03-02T03:07:44","modified_gmt":"2020-03-02T03:07:44","slug":"benedetti-se-reunio-con-funcionarios-de-p-a-i-cor","status":"publish","type":"post","link":"https:\/\/arroyitoonline.com.ar\/?p=7879","title":{"rendered":"Benedetti se reuni\u00f3 con funcionarios de P.A.I.Cor"},"content":{"rendered":"\n<p><strong>Fue con  el fin de que se definan las pol\u00edticas de acci\u00f3n municipales para la ejecuci\u00f3n del Programa de Asistencia Integral de C\u00f3rdoba.  <\/strong><\/p>\n\n\n\n<p>D\u00edas pasados, el intendente Gustavo Benedetti, junto a autoridades del Departamento Ejecutivo, se reunieron con la representante de P.A.I.Cor Departamento San Justo, Mar\u00eda Eugenia Giaccone, y con el responsable de Apoyo Administrativo P.A.I.Cor, Alejandro Galiano, con el fin de que se definan las pol\u00edticas de acci\u00f3n municipales para la ejecuci\u00f3n del Programa de Asistencia Integral de C\u00f3rdoba. <\/p>\n\n\n\n<p>En este sentido, se han gestionado proveedores para el aprovisionamiento de la mercader\u00eda que compone los diferentes men\u00faes basados en la Cartilla Alimentaria dispuesta por la Provincia de C\u00f3rdoba, con el fin de que se garantice la seguridad alimentaria de ni\u00f1os, ni\u00f1as y adolescentes alcanzados por el programa P.A.I.Cor 2020.<\/p>\n\n\n\n<p>Las personas a cargo de ni\u00f1os en edad escolar que deseen acceder al Plan P.A.I.Cor, deben gestionar el tr\u00e1mite en las siguientes escuelas:<br>\u2022Alte. Brown \u2013 El Fuertecito<br>\u2022Claudio C\u00e9sar Ju\u00e1rez<br>\u2022De\u00e1n Funes \u2013 El Descanso<br>\u2022Carolina Tobar Garc\u00eda<br>\u2022French y Berutti \u2013 Arroyo Los Leones<br>\u2022IPEM 329 \u2013 Anexo Arroyo Los Leones<br>\u2022Ipetaym N\u00b0 68<br>\u2022Jos\u00e9 Gim\u00e9nez Lagos<br>\u2022Jos\u00e9 Mar\u00eda Paz<br>\u2022Jard\u00edn Leopoldo Lugones<br>\u2022Manuel Belgrano<br>\u2022Mar\u00eda Teresa Navarro<br>\u2022Mart\u00edn Miguel G\u00fcemes \u2013 La Curva<br>\u2022PROA<br>\u202225 de Mayo \u2013 Las Lomas<\/p>\n\n\n\n<p>Fuente: Comunicaci\u00f3n y Protocolo.<\/p>\n","protected":false},"excerpt":{"rendered":"<p>Fue con el fin de que se definan las pol\u00edticas de acci\u00f3n municipales para la ejecuci\u00f3n del Programa de Asistencia&hellip;<\/p>\n","protected":false},"author":3,"featured_media":7880,"comment_status":"closed","ping_status":"open","sticky":false,"template":"","format":"standard","meta":{"footnotes":""},"categories":[1],"tags":[66,67,836,1090,315,340,345,346,1042,859,348,461,462,469,483,522,572,593],"class_list":["post-7879","post","type-post","status-publish","format-standard","has-post-thumbnail","hentry","category-uncategorized","tag-arroyito","tag-arroyito-cordoba","tag-arroyito-online","tag-carol","tag-el-fuertecito","tag-escuela-claudio-cesar-juarez","tag-escuela-jose-maria-paz","tag-escuela-manuel-belgrano","tag-escuela-martin-miguel-de-guemes","tag-escuela-proa","tag-escuelas","tag-ipem-329","tag-ipetaym-68","tag-jose-gimenez-lagos","tag-la-curva","tag-maria-teresa-navarro","tag-noticias-de-arroyito-y-zona","tag-paicor"],"_links":{"self":[{"href":"https:\/\/arroyitoonline.com.ar\/index.php?rest_route=\/wp\/v2\/posts\/7879","targetHints":{"allow":["GET"]}}],"collection":[{"href":"https:\/\/arroyitoonline.com.ar\/index.php?rest_route=\/wp\/v2\/posts"}],"about":[{"href":"https:\/\/arroyitoonline.com.ar\/index.php?rest_route=\/wp\/v2\/types\/post"}],"author":[{"embeddable":true,"href":"https:\/\/arroyitoonline.com.ar\/index.php?rest_route=\/wp\/v2\/users\/3"}],"replies":[{"embeddable":true,"href":"https:\/\/arroyitoonline.com.ar\/index.php?rest_route=%2Fwp%2Fv2%2Fcomments&post=7879"}],"version-history":[{"count":1,"href":"https:\/\/arroyitoonline.com.ar\/index.php?rest_route=\/wp\/v2\/posts\/7879\/revisions"}],"predecessor-version":[{"id":7881,"href":"https:\/\/arroyitoonline.com.ar\/index.php?rest_route=\/wp\/v2\/posts\/7879\/revisions\/7881"}],"wp:featuredmedia":[{"embeddable":true,"href":"https:\/\/arroyitoonline.com.ar\/index.php?rest_route=\/wp\/v2\/media\/7880"}],"wp:attachment":[{"href":"https:\/\/arroyitoonline.com.ar\/index.php?rest_route=%2Fwp%2Fv2%2Fmedia&parent=7879"}],"wp:term":[{"taxonomy":"category","embeddable":true,"href":"https:\/\/arroyitoonline.com.ar\/index.php?rest_route=%2Fwp%2Fv2%2Fcategories&post=7879"},{"taxonomy":"post_tag","embeddable":true,"href":"https:\/\/arroyitoonline.com.ar\/index.php?rest_route=%2Fwp%2Fv2%2Ftags&post=7879"}],"curies":[{"name":"wp","href":"https:\/\/api.w.org\/{rel}","templated":true}]}}