{"id":7892,"date":"2020-03-02T04:07:03","date_gmt":"2020-03-02T04:07:03","guid":{"rendered":"https:\/\/arroyitoonline.com.ar\/?p=7892"},"modified":"2020-03-02T04:07:19","modified_gmt":"2020-03-02T04:07:19","slug":"semana-de-las-mujeres-habra-diversas-actividades-artisticas-deportivas-y-culturales","status":"publish","type":"post","link":"https:\/\/arroyitoonline.com.ar\/?p=7892","title":{"rendered":"Semana de las Mujeres: habr\u00e1 diversas actividades art\u00edsticas, deportivas y culturales"},"content":{"rendered":"\n<p><strong>El ciclo se iniciar\u00e1 el jueves, con una obra de teatro. Luego, contempla acciones al aire libre y el evento de cierre con reconocimientos.<\/strong><\/p>\n\n\n\n<p>La secretar\u00eda de Educaci\u00f3n y Cultura, la direcci\u00f3n de Deportes, el Consejo de las Mujeres y la Biblioteca Municipal Popular Almafuerte, del Gobierno Municipal, realizar\u00e1n diferentes actividades de car\u00e1cter recreativo e informativo, en el marco de la Semana de las Mujeres, previa al 8 de Marzo, celebraci\u00f3n de su d\u00eda internacional.<\/p>\n\n\n\n<figure class=\"wp-block-image\"><img loading=\"lazy\" decoding=\"async\" width=\"1024\" height=\"787\" src=\"https:\/\/arroyitoonline.com.ar\/wp-content\/uploads\/2020\/03\/Semana_de_la_Mujer-1024x787.jpeg\" alt=\"\" class=\"wp-image-7893\" srcset=\"https:\/\/arroyitoonline.com.ar\/wp-content\/uploads\/2020\/03\/Semana_de_la_Mujer-1024x787.jpeg 1024w, https:\/\/arroyitoonline.com.ar\/wp-content\/uploads\/2020\/03\/Semana_de_la_Mujer-300x231.jpeg 300w, https:\/\/arroyitoonline.com.ar\/wp-content\/uploads\/2020\/03\/Semana_de_la_Mujer-768x590.jpeg 768w, https:\/\/arroyitoonline.com.ar\/wp-content\/uploads\/2020\/03\/Semana_de_la_Mujer.jpeg 1280w\" sizes=\"auto, (max-width: 1024px) 100vw, 1024px\" \/><\/figure>\n\n\n\n<p>Detallamos a continuaci\u00f3n los eventos para cada d\u00eda:<\/p>\n\n\n\n<p>Jueves 05\/03:\u00a0desde las 21:00 horas, en el Teatrillo Municipal Jos\u00e9 Francisco Guarch, presentaci\u00f3n de la obra de teatro La Pen\u00faltima Oportunidad, del grupo de teatro La Puerta.<\/p>\n\n\n\n<p>Viernes 06\/03: desde las 20:00 horas en el Auditorio Coral <br># Escritora Marta Elena Guzm\u00e1n. \u00a0<br># Coro de la Mujer a cargo del Prof. Joel Coronel.<br># Disertaci\u00f3n a cargo de Claudia Mart\u00ednez (ministra de la Mujer del Gobierno de la Provincia).<\/p>\n\n\n\n<p>S\u00e1bado 07\/03: desde las 9:00 horas en la costanera del Balneario Municipal<br># Caminata y desayuno saludable. Cierre con clase de ritmo.<br>Desde las 19:30 horas en la Plaza 25 de Mayo<br># Exposici\u00f3n de mujeres artesanas y emprendedoras<br># Propuesta art\u00edstica de m\u00fasica y danzas con artistas locales.<\/p>\n\n\n\n<p>Domingo 08\/03: desde las 20:30 horas en la Plaza 25 de Mayo<br># Reconocimiento a mujeres destacadas por diferentes instituciones de la ciudad<br># Presentaci\u00f3n de Fran Silva<br># Propuesta art\u00edstica de m\u00fasica y danzas con artistas locales.<\/p>\n\n\n\n<p>Fuente: Comunicaci\u00f3n y Protocolo.<\/p>\n\n\n\n<p>La foto de portada corresponde a la obra de teatro La pen\u00faltima oportunidad.<\/p>\n","protected":false},"excerpt":{"rendered":"<p>El ciclo se iniciar\u00e1 el jueves, con una obra de teatro. Luego, contempla acciones al aire libre y el evento&hellip;<\/p>\n","protected":false},"author":3,"featured_media":7894,"comment_status":"closed","ping_status":"open","sticky":false,"template":"","format":"standard","meta":{"footnotes":""},"categories":[877],"tags":[66,67,836,886,259,310,551,555,556,878,572,756],"class_list":["post-7892","post","type-post","status-publish","format-standard","has-post-thumbnail","hentry","category-noti-mujer-online","tag-arroyito","tag-arroyito-cordoba","tag-arroyito-online","tag-biblioteca-municipal-popular-almafuerte","tag-cultura","tag-educacion","tag-mujeres-arroyito","tag-municipalidad","tag-municipalidad-de-arroyito","tag-noti-mujer-online","tag-noticias-de-arroyito-y-zona","tag-teatro"],"_links":{"self":[{"href":"https:\/\/arroyitoonline.com.ar\/index.php?rest_route=\/wp\/v2\/posts\/7892","targetHints":{"allow":["GET"]}}],"collection":[{"href":"https:\/\/arroyitoonline.com.ar\/index.php?rest_route=\/wp\/v2\/posts"}],"about":[{"href":"https:\/\/arroyitoonline.com.ar\/index.php?rest_route=\/wp\/v2\/types\/post"}],"author":[{"embeddable":true,"href":"https:\/\/arroyitoonline.com.ar\/index.php?rest_route=\/wp\/v2\/users\/3"}],"replies":[{"embeddable":true,"href":"https:\/\/arroyitoonline.com.ar\/index.php?rest_route=%2Fwp%2Fv2%2Fcomments&post=7892"}],"version-history":[{"count":2,"href":"https:\/\/arroyitoonline.com.ar\/index.php?rest_route=\/wp\/v2\/posts\/7892\/revisions"}],"predecessor-version":[{"id":7896,"href":"https:\/\/arroyitoonline.com.ar\/index.php?rest_route=\/wp\/v2\/posts\/7892\/revisions\/7896"}],"wp:featuredmedia":[{"embeddable":true,"href":"https:\/\/arroyitoonline.com.ar\/index.php?rest_route=\/wp\/v2\/media\/7894"}],"wp:attachment":[{"href":"https:\/\/arroyitoonline.com.ar\/index.php?rest_route=%2Fwp%2Fv2%2Fmedia&parent=7892"}],"wp:term":[{"taxonomy":"category","embeddable":true,"href":"https:\/\/arroyitoonline.com.ar\/index.php?rest_route=%2Fwp%2Fv2%2Fcategories&post=7892"},{"taxonomy":"post_tag","embeddable":true,"href":"https:\/\/arroyitoonline.com.ar\/index.php?rest_route=%2Fwp%2Fv2%2Ftags&post=7892"}],"curies":[{"name":"wp","href":"https:\/\/api.w.org\/{rel}","templated":true}]}}