{"id":7901,"date":"2020-03-02T21:16:46","date_gmt":"2020-03-02T21:16:46","guid":{"rendered":"https:\/\/arroyitoonline.com.ar\/?p=7901"},"modified":"2020-03-02T21:16:53","modified_gmt":"2020-03-02T21:16:53","slug":"el-hogar-de-ancianos-juan-xxiii-tuvo-su-carnaval","status":"publish","type":"post","link":"https:\/\/arroyitoonline.com.ar\/?p=7901","title":{"rendered":"El Hogar de Ancianos Juan XXIII tuvo su carnaval"},"content":{"rendered":"\n<p><strong>Hubo shows de magia, baile de Pasi\u00f3n Latina, participaci\u00f3n de la Comparsa Municipal y de la Batucada Ohana y el cierre con el cantante Mario.<\/strong><\/p>\n\n\n\n<p>El pasado viernes 28 de febrero, el Gobierno Municipal desarroll\u00f3 el Primer Carnaval en el Hogar de Ancianos Juan XXIII, con una importante convocatoria.<\/p>\n\n\n\n<p>Abuelos, familiares y amigos, vivieron una noche \u00fanica llena de risas y baile. Los presentes fueron agasajados con shows de magia, bailes de la academia de danzas Pasi\u00f3n Latina, participaci\u00f3n de la Comparsa Municipal, musicalizaci\u00f3n de la Batucada Ohana y, para el cierre de la noche, se cont\u00f3 con la presencia del cantante Mario.<\/p>\n\n\n\n<p>Esta iniciativa tiene como objetivo, para futuras ediciones, que se comparta una noche festiva junto a otros hogares y residencias de adultos mayores. <\/p>\n\n\n\n<p>Fuente: Comunicaci\u00f3n y Protocolo.<\/p>\n","protected":false},"excerpt":{"rendered":"<p>Hubo shows de magia, baile de Pasi\u00f3n Latina, participaci\u00f3n de la Comparsa Municipal y de la Batucada Ohana y el&hellip;<\/p>\n","protected":false},"author":3,"featured_media":7902,"comment_status":"closed","ping_status":"open","sticky":false,"template":"","format":"standard","meta":{"footnotes":""},"categories":[826],"tags":[66,67,836,155,351,862,419,420,555,556,572],"class_list":["post-7901","post","type-post","status-publish","format-standard","has-post-thumbnail","hentry","category-espectaculos-online","tag-arroyito","tag-arroyito-cordoba","tag-arroyito-online","tag-carnaval","tag-espectaculos","tag-espectaculos-online","tag-hogar-de-ancianos","tag-hogar-de-ancianos-arroyito","tag-municipalidad","tag-municipalidad-de-arroyito","tag-noticias-de-arroyito-y-zona"],"_links":{"self":[{"href":"https:\/\/arroyitoonline.com.ar\/index.php?rest_route=\/wp\/v2\/posts\/7901","targetHints":{"allow":["GET"]}}],"collection":[{"href":"https:\/\/arroyitoonline.com.ar\/index.php?rest_route=\/wp\/v2\/posts"}],"about":[{"href":"https:\/\/arroyitoonline.com.ar\/index.php?rest_route=\/wp\/v2\/types\/post"}],"author":[{"embeddable":true,"href":"https:\/\/arroyitoonline.com.ar\/index.php?rest_route=\/wp\/v2\/users\/3"}],"replies":[{"embeddable":true,"href":"https:\/\/arroyitoonline.com.ar\/index.php?rest_route=%2Fwp%2Fv2%2Fcomments&post=7901"}],"version-history":[{"count":1,"href":"https:\/\/arroyitoonline.com.ar\/index.php?rest_route=\/wp\/v2\/posts\/7901\/revisions"}],"predecessor-version":[{"id":7903,"href":"https:\/\/arroyitoonline.com.ar\/index.php?rest_route=\/wp\/v2\/posts\/7901\/revisions\/7903"}],"wp:featuredmedia":[{"embeddable":true,"href":"https:\/\/arroyitoonline.com.ar\/index.php?rest_route=\/wp\/v2\/media\/7902"}],"wp:attachment":[{"href":"https:\/\/arroyitoonline.com.ar\/index.php?rest_route=%2Fwp%2Fv2%2Fmedia&parent=7901"}],"wp:term":[{"taxonomy":"category","embeddable":true,"href":"https:\/\/arroyitoonline.com.ar\/index.php?rest_route=%2Fwp%2Fv2%2Fcategories&post=7901"},{"taxonomy":"post_tag","embeddable":true,"href":"https:\/\/arroyitoonline.com.ar\/index.php?rest_route=%2Fwp%2Fv2%2Ftags&post=7901"}],"curies":[{"name":"wp","href":"https:\/\/api.w.org\/{rel}","templated":true}]}}