{"id":7904,"date":"2020-03-02T21:29:21","date_gmt":"2020-03-02T21:29:21","guid":{"rendered":"https:\/\/arroyitoonline.com.ar\/?p=7904"},"modified":"2020-03-02T21:29:27","modified_gmt":"2020-03-02T21:29:27","slug":"arroyito-se-integraria-a-la-plataforma-de-ciudadano-digital","status":"publish","type":"post","link":"https:\/\/arroyitoonline.com.ar\/?p=7904","title":{"rendered":"Arroyito se integrar\u00eda a la plataforma de Ciudadano Digital"},"content":{"rendered":"\n<p><strong>Autoridades municipales mantuvieron una reuni\u00f3n con el encargado de Registro del Ministerio de Finanzas de la Provincia.<\/strong><\/p>\n\n\n\n<p>D\u00edas pasados, el Gobierno Municipal mantuvo una reuni\u00f3n con el encargado de Registro del Ministerio de Finanzas del Gobierno de la Provincia de C\u00f3rdoba, Andr\u00e9s Ernesto Guzm\u00e1n, para la integraci\u00f3n de Arroyito a la plataforma de Ciudadano Digital.<\/p>\n\n\n\n<p>Participaron de la reuni\u00f3n, la viceintendente, Mar\u00eda Jos\u00e9 Esp\u00f3sito; la secretaria de Modernizaci\u00f3n y Control de Gesti\u00f3n, Diamela \u00c1lvarez Novara; la secretaria de Econom\u00eda y Finanzas, Karem Martorella, y el coordinador del Consejo de la Juventud, Gino Vaudagna, con miras a que se avance en el convenio que le dar\u00e1 marco al proyecto. Los acuerdos de integraci\u00f3n se encuentran en revisi\u00f3n y pr\u00f3ximos a firmarse.<\/p>\n\n\n\n<p>La incorporaci\u00f3n al Ciudadano Digital es una propuesta para la pronta respuesta digital, lo que les permitir\u00e1 a los vecinos de Arroyito, La Curva y El Fuertecito que accedan a tr\u00e1mites y atenciones por medio de la plataforma web. Esta herramienta\u00a0 mejora la calidad de la informaci\u00f3n para brindar mejores servicios. <\/p>\n\n\n\n<p>Fuente: Comunicaci\u00f3n y Protocolo.<\/p>\n","protected":false},"excerpt":{"rendered":"<p>Autoridades municipales mantuvieron una reuni\u00f3n con el encargado de Registro del Ministerio de Finanzas de la Provincia. D\u00edas pasados, el&hellip;<\/p>\n","protected":false},"author":3,"featured_media":7905,"comment_status":"closed","ping_status":"open","sticky":false,"template":"","format":"standard","meta":{"footnotes":""},"categories":[829],"tags":[66,67,836,1094,1095,404,405,868,555,556,572],"class_list":["post-7904","post","type-post","status-publish","format-standard","has-post-thumbnail","hentry","category-municipales-online","tag-arroyito","tag-arroyito-cordoba","tag-arroyito-online","tag-cidi","tag-ciudadano-digital","tag-gobierno-de-cordoba","tag-gobierno-de-la-provincia","tag-municipales-online","tag-municipalidad","tag-municipalidad-de-arroyito","tag-noticias-de-arroyito-y-zona"],"_links":{"self":[{"href":"https:\/\/arroyitoonline.com.ar\/index.php?rest_route=\/wp\/v2\/posts\/7904","targetHints":{"allow":["GET"]}}],"collection":[{"href":"https:\/\/arroyitoonline.com.ar\/index.php?rest_route=\/wp\/v2\/posts"}],"about":[{"href":"https:\/\/arroyitoonline.com.ar\/index.php?rest_route=\/wp\/v2\/types\/post"}],"author":[{"embeddable":true,"href":"https:\/\/arroyitoonline.com.ar\/index.php?rest_route=\/wp\/v2\/users\/3"}],"replies":[{"embeddable":true,"href":"https:\/\/arroyitoonline.com.ar\/index.php?rest_route=%2Fwp%2Fv2%2Fcomments&post=7904"}],"version-history":[{"count":1,"href":"https:\/\/arroyitoonline.com.ar\/index.php?rest_route=\/wp\/v2\/posts\/7904\/revisions"}],"predecessor-version":[{"id":7906,"href":"https:\/\/arroyitoonline.com.ar\/index.php?rest_route=\/wp\/v2\/posts\/7904\/revisions\/7906"}],"wp:featuredmedia":[{"embeddable":true,"href":"https:\/\/arroyitoonline.com.ar\/index.php?rest_route=\/wp\/v2\/media\/7905"}],"wp:attachment":[{"href":"https:\/\/arroyitoonline.com.ar\/index.php?rest_route=%2Fwp%2Fv2%2Fmedia&parent=7904"}],"wp:term":[{"taxonomy":"category","embeddable":true,"href":"https:\/\/arroyitoonline.com.ar\/index.php?rest_route=%2Fwp%2Fv2%2Fcategories&post=7904"},{"taxonomy":"post_tag","embeddable":true,"href":"https:\/\/arroyitoonline.com.ar\/index.php?rest_route=%2Fwp%2Fv2%2Ftags&post=7904"}],"curies":[{"name":"wp","href":"https:\/\/api.w.org\/{rel}","templated":true}]}}