{"id":7907,"date":"2020-03-02T21:55:15","date_gmt":"2020-03-02T21:55:15","guid":{"rendered":"https:\/\/arroyitoonline.com.ar\/?p=7907"},"modified":"2020-03-02T21:55:17","modified_gmt":"2020-03-02T21:55:17","slug":"el-coordinador-del-consejo-municipal-de-la-juventud-fue-recibido-por-el-presidente-de-la-agencia-cordoba-joven","status":"publish","type":"post","link":"https:\/\/arroyitoonline.com.ar\/?p=7907","title":{"rendered":"El coordinador del Consejo Municipal de la Juventud fue recibido por el presidente de la Agencia C\u00f3rdoba Joven"},"content":{"rendered":"\n<p><strong>Este v\u00ednculo implica la gesti\u00f3n de programas y planes provinciales, que permitan el acceso a capacitaciones, becas y programas de prevenci\u00f3n.<\/strong><\/p>\n\n\n\n<p>La semana pasada, el coordinador del Consejo de la Juventud Gino Vaudagna Daperno fue recibido por el presidente de la Agencia C\u00f3rdoba Joven del Gobierno Provincial, Mat\u00edas Anconetani, para la articulaci\u00f3n de esfuerzos en el marco de la tarea que desempe\u00f1a este ente local.<\/p>\n\n\n\n<p>La reactivaci\u00f3n del Consejo de la Juventud implica la gesti\u00f3n de programas y planes provinciales, que permitan el acceso a capacitaciones profesionales y de oficios, becas, espect\u00e1culos y programas de prevenci\u00f3n.<\/p>\n\n\n\n<p>El Consejo tiene como objetivo la participaci\u00f3n mancomunada de los j\u00f3venes para la creaci\u00f3n de redes colaborativas con instituciones educativas, centros vecinales, centros de estudiantes, clubes e iglesias. \u00a0<\/p>\n\n\n\n<p>El coordinador del Consejo de la Juventud estuvo acompa\u00f1ado por la viceintendenta, Mar\u00eda Jos\u00e9 Esp\u00f3sito; la secretaria de Econom\u00eda, Karem Martorella; la secretaria de Modernizaci\u00f3n, Diamela \u00c1lvarez Novara, y del  <br>encargado del \u00c1rea Rendici\u00f3n de Cuentas de la Legislatura Provincial,\u00a0 Emiliano Costanzo, quienes pusieron en marcha este importante v\u00ednculo con la Agencia.<\/p>\n\n\n\n<p>Fuente: Comunicaci\u00f3n y Protocolo.<\/p>\n","protected":false},"excerpt":{"rendered":"<p>Este v\u00ednculo implica la gesti\u00f3n de programas y planes provinciales, que permitan el acceso a capacitaciones, becas y programas de&hellip;<\/p>\n","protected":false},"author":3,"featured_media":7908,"comment_status":"closed","ping_status":"open","sticky":false,"template":"","format":"standard","meta":{"footnotes":""},"categories":[829],"tags":[1096,66,67,836,1092,404,405,471,868,555,556,572],"class_list":["post-7907","post","type-post","status-publish","format-standard","has-post-thumbnail","hentry","category-municipales-online","tag-agencia-cordoba-joven","tag-arroyito","tag-arroyito-cordoba","tag-arroyito-online","tag-consejo-de-la-juventud","tag-gobierno-de-cordoba","tag-gobierno-de-la-provincia","tag-jovenes","tag-municipales-online","tag-municipalidad","tag-municipalidad-de-arroyito","tag-noticias-de-arroyito-y-zona"],"_links":{"self":[{"href":"https:\/\/arroyitoonline.com.ar\/index.php?rest_route=\/wp\/v2\/posts\/7907","targetHints":{"allow":["GET"]}}],"collection":[{"href":"https:\/\/arroyitoonline.com.ar\/index.php?rest_route=\/wp\/v2\/posts"}],"about":[{"href":"https:\/\/arroyitoonline.com.ar\/index.php?rest_route=\/wp\/v2\/types\/post"}],"author":[{"embeddable":true,"href":"https:\/\/arroyitoonline.com.ar\/index.php?rest_route=\/wp\/v2\/users\/3"}],"replies":[{"embeddable":true,"href":"https:\/\/arroyitoonline.com.ar\/index.php?rest_route=%2Fwp%2Fv2%2Fcomments&post=7907"}],"version-history":[{"count":1,"href":"https:\/\/arroyitoonline.com.ar\/index.php?rest_route=\/wp\/v2\/posts\/7907\/revisions"}],"predecessor-version":[{"id":7909,"href":"https:\/\/arroyitoonline.com.ar\/index.php?rest_route=\/wp\/v2\/posts\/7907\/revisions\/7909"}],"wp:featuredmedia":[{"embeddable":true,"href":"https:\/\/arroyitoonline.com.ar\/index.php?rest_route=\/wp\/v2\/media\/7908"}],"wp:attachment":[{"href":"https:\/\/arroyitoonline.com.ar\/index.php?rest_route=%2Fwp%2Fv2%2Fmedia&parent=7907"}],"wp:term":[{"taxonomy":"category","embeddable":true,"href":"https:\/\/arroyitoonline.com.ar\/index.php?rest_route=%2Fwp%2Fv2%2Fcategories&post=7907"},{"taxonomy":"post_tag","embeddable":true,"href":"https:\/\/arroyitoonline.com.ar\/index.php?rest_route=%2Fwp%2Fv2%2Ftags&post=7907"}],"curies":[{"name":"wp","href":"https:\/\/api.w.org\/{rel}","templated":true}]}}