{"id":7910,"date":"2020-03-03T13:51:02","date_gmt":"2020-03-03T13:51:02","guid":{"rendered":"https:\/\/arroyitoonline.com.ar\/?p=7910"},"modified":"2020-03-03T13:51:06","modified_gmt":"2020-03-03T13:51:06","slug":"acercar-celebro-20-anos-de-trabajo-por-la-inclusion-real","status":"publish","type":"post","link":"https:\/\/arroyitoonline.com.ar\/?p=7910","title":{"rendered":"Acercar celebr\u00f3 20 a\u00f1os de trabajo por la inclusi\u00f3n real"},"content":{"rendered":"\n<p><strong>La Asociaci\u00f3n Civil naci\u00f3 como fruto de una convergencia de voluntades y empuje de familiares y amigos de personas con discapacidad.<\/strong><\/p>\n\n\n\n<p>El pasado s\u00e1bado 28 de febrero, la Asociaci\u00f3n Civil Acercar festej\u00f3 sus 20 a\u00f1os, con una cena que nucle\u00f3 a familias y amigos. En la oportunidad, se hizo presente el intendente Gustavo Benedetti, con un homenaje a quienes integran este proyecto.<\/p>\n\n\n\n<p>Acercar es fruto de una convergencia de voluntades y empuje de familiares y amigos de personas con discapacidad que, en principio, se reun\u00edan en hogares particulares. Cuenta hoy, y desde hace unos a\u00f1os, con su edificio propio, brinda talleres terap\u00e9uticos con salida laboral, est\u00e1 integrado por un equipo de profesionales y tiene m\u00e1s de 600 socios, siendo el \u00fanico Centro de D\u00eda de Arroyito y la zona.<br><\/p>\n\n\n\n<p>En este sentido, el Gobierno Municipal agradeci\u00f3 <em>&#8220;la gran labor de Acercar, de cada persona que colabora con estos fines,\u00a0a instituciones y comercios que apoyan la Asociaci\u00f3n&#8221;<\/em> afirmando que sostiene <em>&#8220;un gran compromiso con una ciudad m\u00e1s accesible que rompa barreras sociales para alcanzar una inclusi\u00f3n real&#8221;<\/em>. <\/p>\n\n\n\n<p>Fuente: Comunicaci\u00f3n y Protocolo.<\/p>\n","protected":false},"excerpt":{"rendered":"<p>La Asociaci\u00f3n Civil naci\u00f3 como fruto de una convergencia de voluntades y empuje de familiares y amigos de personas con&hellip;<\/p>\n","protected":false},"author":3,"featured_media":7911,"comment_status":"closed","ping_status":"open","sticky":false,"template":"","format":"standard","meta":{"footnotes":""},"categories":[1097],"tags":[25,66,67,836,115,296,968,555,556,572],"class_list":["post-7910","post","type-post","status-publish","format-standard","has-post-thumbnail","hentry","category-discapacidad","tag-acercar","tag-arroyito","tag-arroyito-cordoba","tag-arroyito-online","tag-benedetti","tag-discapacidad","tag-gustavo-benedetti","tag-municipalidad","tag-municipalidad-de-arroyito","tag-noticias-de-arroyito-y-zona"],"_links":{"self":[{"href":"https:\/\/arroyitoonline.com.ar\/index.php?rest_route=\/wp\/v2\/posts\/7910","targetHints":{"allow":["GET"]}}],"collection":[{"href":"https:\/\/arroyitoonline.com.ar\/index.php?rest_route=\/wp\/v2\/posts"}],"about":[{"href":"https:\/\/arroyitoonline.com.ar\/index.php?rest_route=\/wp\/v2\/types\/post"}],"author":[{"embeddable":true,"href":"https:\/\/arroyitoonline.com.ar\/index.php?rest_route=\/wp\/v2\/users\/3"}],"replies":[{"embeddable":true,"href":"https:\/\/arroyitoonline.com.ar\/index.php?rest_route=%2Fwp%2Fv2%2Fcomments&post=7910"}],"version-history":[{"count":1,"href":"https:\/\/arroyitoonline.com.ar\/index.php?rest_route=\/wp\/v2\/posts\/7910\/revisions"}],"predecessor-version":[{"id":7912,"href":"https:\/\/arroyitoonline.com.ar\/index.php?rest_route=\/wp\/v2\/posts\/7910\/revisions\/7912"}],"wp:featuredmedia":[{"embeddable":true,"href":"https:\/\/arroyitoonline.com.ar\/index.php?rest_route=\/wp\/v2\/media\/7911"}],"wp:attachment":[{"href":"https:\/\/arroyitoonline.com.ar\/index.php?rest_route=%2Fwp%2Fv2%2Fmedia&parent=7910"}],"wp:term":[{"taxonomy":"category","embeddable":true,"href":"https:\/\/arroyitoonline.com.ar\/index.php?rest_route=%2Fwp%2Fv2%2Fcategories&post=7910"},{"taxonomy":"post_tag","embeddable":true,"href":"https:\/\/arroyitoonline.com.ar\/index.php?rest_route=%2Fwp%2Fv2%2Ftags&post=7910"}],"curies":[{"name":"wp","href":"https:\/\/api.w.org\/{rel}","templated":true}]}}