{"id":7913,"date":"2020-03-03T14:01:56","date_gmt":"2020-03-03T14:01:56","guid":{"rendered":"https:\/\/arroyitoonline.com.ar\/?p=7913"},"modified":"2020-03-03T14:02:05","modified_gmt":"2020-03-03T14:02:05","slug":"la-curva-fue-sede-de-la-segunda-jornada-de-siembra","status":"publish","type":"post","link":"https:\/\/arroyitoonline.com.ar\/?p=7913","title":{"rendered":"La Curva fue sede de la segunda Jornada de Siembra"},"content":{"rendered":"\n<p><strong>Estas actividades se enmarcan en el Programa de Agricultura Urbana del \u00e1rea municipal de de Ambiente y Energ\u00eda.<\/strong><\/p>\n\n\n\n<p>El s\u00e1bado pasado, el \u00e1rea de Ambiente y Energ\u00eda del Gobierno Municipal desarroll\u00f3 la segunda edici\u00f3n de las Jornadas de Siembra, actividades que se enmarcan en el Programa Agricultura Urbana. En esta oportunidad se realiz\u00f3 en La Curva, con una gran convocatoria de vecinos.<\/p>\n\n\n\n<p>Estas acciones impulsan la siembra de verduras, hortalizas y arom\u00e1ticas en toda la ciudad, en espacios que otorgan instituciones y organismos que se suman a la propuesta.<br><\/p>\n\n\n\n<p>Estas\u00a0huertas comunitarias quedan al cuidado de los vecinos interesados, luego de una capacitaci\u00f3n que se hace efectiva durante las jornadas.<br><\/p>\n\n\n\n<figure class=\"wp-block-image\"><img decoding=\"async\" src=\"http:\/\/www.municipioarroyito.gob.ar\/images\/sitio\/noticias\/inicio\/2020\/Febrero\/Jornada_de_Siembra_La_Curva.jpeg\" alt=\"Noticia\"\/><figcaption><em>Las huertas comunitarias que se inician en las jornadas quedan al ciudado de vecinos interesados<\/em><\/figcaption><\/figure>\n\n\n\n<p>El Programa de Agricultura Urbana est\u00e1 a cargo de la Dr. Ing. Lelia Imhof y pertenece al \u00e1rea de Ambiente y Energ\u00eda creada de manera reciente, por el intendente Gustavo Benedetti.<\/p>\n\n\n\n<p>Fuente: Comunicaci\u00f3n y Protocolo.<\/p>\n","protected":false},"excerpt":{"rendered":"<p>Estas actividades se enmarcan en el Programa de Agricultura Urbana del \u00e1rea municipal de de Ambiente y Energ\u00eda. El s\u00e1bado&hellip;<\/p>\n","protected":false},"author":3,"featured_media":7914,"comment_status":"closed","ping_status":"open","sticky":false,"template":"","format":"standard","meta":{"footnotes":""},"categories":[913],"tags":[1093,66,67,836,1077,483,528,555,556,572],"class_list":["post-7913","post","type-post","status-publish","format-standard","has-post-thumbnail","hentry","category-medio-ambiente","tag-area-municipal-de-ambiente-y-energia","tag-arroyito","tag-arroyito-cordoba","tag-arroyito-online","tag-huerta","tag-la-curva","tag-medio-ambiente","tag-municipalidad","tag-municipalidad-de-arroyito","tag-noticias-de-arroyito-y-zona"],"_links":{"self":[{"href":"https:\/\/arroyitoonline.com.ar\/index.php?rest_route=\/wp\/v2\/posts\/7913","targetHints":{"allow":["GET"]}}],"collection":[{"href":"https:\/\/arroyitoonline.com.ar\/index.php?rest_route=\/wp\/v2\/posts"}],"about":[{"href":"https:\/\/arroyitoonline.com.ar\/index.php?rest_route=\/wp\/v2\/types\/post"}],"author":[{"embeddable":true,"href":"https:\/\/arroyitoonline.com.ar\/index.php?rest_route=\/wp\/v2\/users\/3"}],"replies":[{"embeddable":true,"href":"https:\/\/arroyitoonline.com.ar\/index.php?rest_route=%2Fwp%2Fv2%2Fcomments&post=7913"}],"version-history":[{"count":1,"href":"https:\/\/arroyitoonline.com.ar\/index.php?rest_route=\/wp\/v2\/posts\/7913\/revisions"}],"predecessor-version":[{"id":7915,"href":"https:\/\/arroyitoonline.com.ar\/index.php?rest_route=\/wp\/v2\/posts\/7913\/revisions\/7915"}],"wp:featuredmedia":[{"embeddable":true,"href":"https:\/\/arroyitoonline.com.ar\/index.php?rest_route=\/wp\/v2\/media\/7914"}],"wp:attachment":[{"href":"https:\/\/arroyitoonline.com.ar\/index.php?rest_route=%2Fwp%2Fv2%2Fmedia&parent=7913"}],"wp:term":[{"taxonomy":"category","embeddable":true,"href":"https:\/\/arroyitoonline.com.ar\/index.php?rest_route=%2Fwp%2Fv2%2Fcategories&post=7913"},{"taxonomy":"post_tag","embeddable":true,"href":"https:\/\/arroyitoonline.com.ar\/index.php?rest_route=%2Fwp%2Fv2%2Ftags&post=7913"}],"curies":[{"name":"wp","href":"https:\/\/api.w.org\/{rel}","templated":true}]}}