{"id":7919,"date":"2020-03-03T22:12:51","date_gmt":"2020-03-03T22:12:51","guid":{"rendered":"https:\/\/arroyitoonline.com.ar\/?p=7919"},"modified":"2020-03-03T22:12:59","modified_gmt":"2020-03-03T22:12:59","slug":"benedetti-hablo-53-minutos-y-dijo-que-debemos-ponernos-por-encima-de-las-diferencias-politicas-e-institucionales-para-pensar-en-la-gente","status":"publish","type":"post","link":"https:\/\/arroyitoonline.com.ar\/?p=7919","title":{"rendered":"Benedetti habl\u00f3 53 minutos y dijo que &#8220;Debemos ponernos por encima de las diferencias pol\u00edticas e institucionales para pensar en la gente\u201d"},"content":{"rendered":"\n<p><strong>Lo hizo en su primer discurso inaugural del Per\u00edodo de Sesiones Ordinarias del Concejo Deliberante de \u00e9ste, su tercer mandato al frente del Municipio local.<\/strong><\/p>\n\n\n\n<p>El domingo a la noche, como cada primero de marzo, se desarroll\u00f3, en el Teatrillo Municipal Jos\u00e9 Francisco Guarch, el acto de Apertura del Per\u00edodo de Sesiones Ordinarias del Concejo Deliberante de Arroyito.<\/p>\n\n\n\n<p>En la oportunidad, la viceintendenta y presidenta natural\ndel cuerpo legislativo, Mar\u00eda Jos\u00e9 Esp\u00f3sito, dirigi\u00f3 muy breves palabras al\ncolmado auditorio, las que aprovech\u00f3 para agradecer al intendente por la <em>\u201cautonom\u00eda de trabajo diario\u201d<\/em>. <\/p>\n\n\n\n<p>Por su parte, Gustavo Benedetti pronunci\u00f3 su primer discurso inaugural de \u00e9ste, su tercer mandato al frente del Municipio local. El jefe municipal rompi\u00f3 las marcas de a\u00f1os anteriores, hablando por un lapso de 53 minutos, sobre lo hecho en sus primeros 81 d\u00edas de gesti\u00f3n, poniendo el foco en las m\u00e1s de 15 reuniones mantenidas con funcionarios del Gobierno de la Provincia de C\u00f3rdoba.<\/p>\n\n\n\n<p>Tambi\u00e9n mencion\u00f3 los ejes que considera claves para su\nmandato: educaci\u00f3n, salud y ayuda social, en el contexto de crisis que\natraviesa el pa\u00eds. En el mismo sentido se mostr\u00f3 optimista y cercano a los\ndichos de Alberto Fern\u00e1ndez ante la Asamblea Legislativa.<\/p>\n\n\n\n<p>El intendente nombr\u00f3 varias veces al presidente e incluso\nlo parafrase\u00f3 cuando invit\u00f3 a que <em>\u201cempecemos\npor los que menos tienen para poder llegar a todos. Debemos ponernos por encima\nde las diferencias pol\u00edticas e institucionales para pensar en la gente\u201d<\/em>.<\/p>\n\n\n\n<p>Adem\u00e1s, Benedetti expres\u00f3 que su gesti\u00f3n <em>\u201cno est\u00e1 ni estar\u00e1 enfocada en la cr\u00edtica pol\u00edtica. Nosotros hemos iniciado pensando que no tenemos que entrar en la confrontaci\u00f3n, de las redes y de los enojos. Debemos enfocarnos en las necesidades reales de la gente\u201d<\/em>.<\/p>\n\n\n\n<p>En el desglose de lo trabajado durante estos primeros\nd\u00edas de gesti\u00f3n, el intendente remarc\u00f3 que <em>\u201cHemos\nhecho una apuesta importante en la creaci\u00f3n de nuevas \u00e1reas. Tratamos de\ntrabajar en una visi\u00f3n que hace a los tiempos donde no es buena la situaci\u00f3n\necon\u00f3mica\u201d<\/em> afirmando que <em>\u201cla apuesta\nes a la educaci\u00f3n\u201d<\/em>. <\/p>\n\n\n\n<figure class=\"wp-block-image\"><img loading=\"lazy\" decoding=\"async\" width=\"1024\" height=\"683\" src=\"https:\/\/arroyitoonline.com.ar\/wp-content\/uploads\/2020\/03\/apertura-de-sesiones-ordinarias-1024x683.jpeg\" alt=\"\" class=\"wp-image-7921\" srcset=\"https:\/\/arroyitoonline.com.ar\/wp-content\/uploads\/2020\/03\/apertura-de-sesiones-ordinarias-1024x683.jpeg 1024w, https:\/\/arroyitoonline.com.ar\/wp-content\/uploads\/2020\/03\/apertura-de-sesiones-ordinarias-300x200.jpeg 300w, https:\/\/arroyitoonline.com.ar\/wp-content\/uploads\/2020\/03\/apertura-de-sesiones-ordinarias-768x512.jpeg 768w, https:\/\/arroyitoonline.com.ar\/wp-content\/uploads\/2020\/03\/apertura-de-sesiones-ordinarias.jpeg 1280w\" sizes=\"auto, (max-width: 1024px) 100vw, 1024px\" \/><figcaption><em>El acto de Apertura del Per\u00edodo de Sesiones Ordinarias se desarroll\u00f3 en un Teatrillo colmado<\/em><\/figcaption><\/figure>\n\n\n\n<p><strong>Los temas tratados, punto por punto<\/strong><\/p>\n\n\n\n<p>*Red troncal de cloacas del sector sur, que tiene el 80\npor ciento del crecimiento de la ciudad.<br>\n<br>\n*El departamento San Justo es el segundo en materia territorial de la provincia\nde C\u00f3rdoba.<br>\n<br>\n*En pocos d\u00edas llegar\u00e1 la red troncal de gas.<br>\n<br>\n*Estamos trabajando en la posta policial de El Fuertecito.<br>\n<br>\n*Plan integral para los pozos de agua potable. Estuvo el bi\u00f3logo de la Provincia.\nQueremos solucionar la demanda de un nuevo pozo de agua.<br>\n<br>\n*En los pr\u00f3ximos d\u00edas se entregar\u00e1n en Arroyito, 800 tarjetas Alimentarias, que\nsignifican m\u00e1s de tres millones de pesos para la compra de alimentos.<br>\n<br>\n*Vertedero regional. Ordenamiento de la Planta de Tratamiento de Residuos\nS\u00f3lidos Urbanos. Conformaci\u00f3n de cooperativas de trabajo. Mejora y tratamiento\nde la basura.<\/p>\n\n\n\n<p>*Dentro de los 20 eventos importantes en agenda, que\ntiene la Provincia, Arroyito incluy\u00f3 el Desaf\u00edo del Xanaes.<br>\n<br>\n*Paicor. Estamos por debajo de la media provincial, que es del 47% de los\nalumnos. Ampliamos de cinco a 17 los proveedores teniendo en cuenta que la\nprioridad son los ni\u00f1os que all\u00ed se alimentan.<\/p>\n\n\n\n<p>*Trabajamos en un convenio con UTN para volver a poner en\nmarcha el viejo laboratorio de an\u00e1lisis&nbsp;cl\u00ednicos. Generando puestos de\ntrabajo y abaratando costos.<br>\n<br>\n*Estamos trabajando en todo lo que brinda la Cespal. Vamos a hacer un trabajo\nen conjunto en la vereda de la Erb, entre Moreno y Per\u00f3n, para fomentar el\nturismo.<br>\n<br>\n*AMA aport\u00f3 para la compra del audi\u00f3metro para los carnets de conducir, que no\nlo ten\u00edamos.<br>\n<br>\n*Con Arcor, Dulcor y Dupont trabajamos en la implementaci\u00f3n de cosas que tengan\nque ver con las cuestiones ambientales y tambi\u00e9n para salir de la coyuntura\necon\u00f3mica. Que la crisis sea lo m\u00e1s corta posible y lo menos desgastante\nposible.<br>\n<br>\n*Menciones a instituciones: Acercar \u2013en su 20\u00b0 Aniversario-, Vida Sobre Vida y\nFundaci\u00f3n Infancia Segura, para la que se consigui\u00f3 un terreno propio. <br>\n<br>\n*La salud no es ni p\u00fablica ni privada, las prestaciones son de una u otra\nforma.<br>\n<br>\n*Necesitamos que la gente se prenda y acompa\u00f1e con el pago de las tasas. <\/p>\n\n\n\n<p>*Implementamos el Registro \u00danico de Proveedores.<br>\n<br>\n*Reparaci\u00f3n de m\u00e1quinas para espacios verdes.<br>\n<br>\n*N\u00famero telef\u00f3nico para atenci\u00f3n al vecino, que redujo a la mitad los reclamos.<br>\n<br>\n*El Balneario es un desaf\u00edo.<br>\n<br>\n*Pusimos en marcha el lavadero de veh\u00edculos municipales.<br>\n<br>\n*Estamos dentro de los 22 parques industriales que tiene en agenda el gobierno\nprovincial.<br>\n<br>\n*Estamos al aguardo de viviendas de la Provincia<br>\n<br>\n*El proyecto para la funcionalidad del acceso al frente de la f\u00e1brica Arcor\nentrar\u00e1 al Concejo Deliberante.<br>\n<br>\n*Se ha sorteado la comisi\u00f3n de viviendas, que ya est\u00e1 en marcha.<br>\n<br>\n*Recuperamos el espacio que estaba concesionado en el Balneario. Esperamos que\npodamos discutir qu\u00e9 hacer con los 1.350 metros de Costanera. Debemos trabajar\ncon la parte privada.<br>\n<br>\n*Escuela de Verano, con la integraci\u00f3n de La Curva y El Fuertecito.<br>\n<br>\n*Conformaci\u00f3n de comparsa municipal. La provincia aport\u00f3 $70 mil, para el\nCarnaval, en sus dos ediciones 2020.<br>\n<br>\n*Guarder\u00eda, Museo y Biblioteca iniciaron como terminaron pero trabajaremos en\nnuestra impronta. Analizaremos la ampliaci\u00f3n de horarios.<br>\n<br>\n*La nueva \u00e1rea de Modernizaci\u00f3n tiene que ver con la incorporaci\u00f3n de proyectos\nde la gente.<\/p>\n\n\n\n<p>*Operativos de control vehicular. Hemos atacado dos\nproblemas: alcohol y ruidos molestos. Vamos a seguir con estas acciones\nfomentando el uso del casco y el carnet de conducir.<br>\n<br>\n*Se conform\u00f3 la comisi\u00f3n de Refugio Canino. Se implementar\u00e1 un n\u00famero para\nreportar perros de la calle y castraciones.<\/p>\n\n\n\n<p>*Programa de Agricultura Urbana. Plantaci\u00f3n de \u00e1rboles. <br>\n<br>\n*Se abrieron las inscripciones para Procrear, a trav\u00e9s del Consejo Municipal de\nla Juventud.<br>\n<br>\n*Compromiso para la firma del convenio para que Arroyito tenga el Ciudadano\nDigital, que permitir\u00e1 la reducci\u00f3n de costos del Tribunal de Faltas, que\ndemanda m\u00e1s de un mill\u00f3n de pesos por a\u00f1o.<br>\n<br>\n*Gesti\u00f3n de cursos gratuitos.<br>\n<br>\n*Se rearm\u00f3 la sala de estimulaci\u00f3n temprana, se incorporaron tres m\u00e9dicos a la tarde\nen el Hospital. Mes a mes, habr\u00e1 distintos tipos de charlas en barrios y\ncentros vecinales, relacionadas a la salud. Incorporamos un tel\u00e9fono en el\ncentro de salud de La Curva.<br>\n<br>\n*Reordenamiento de todo el personal y espacios de escucha para los empleados.<br>\n<br>\n*Consejo de las mujeres renueva su nombre para incluir a todas las mujeres de\nla ciudad, con nuevo espacio f\u00edsico, n\u00famero de tel\u00e9fono y equipo t\u00e9cnico completo\npara la atenci\u00f3n integral.<br>\n<br>\n*Participaci\u00f3n en el Encuentro Latinoamericano de los Ni\u00f1os y Adolescentes.\nReestructuramos el \u00e1rea PreNAF, con una recepcionista y dos profesionales a la\ntarde. Abriremos el hogar Casita para dar clases de apoyo escolar, donde los\nni\u00f1os puedan formar parte.<br>\n<br>\n*Funciona el \u00e1rea de Narc\u00f3ticos An\u00f3nimos con seis j\u00f3venes de Arroyito que\nsalieron de la problem\u00e1tica y que hemos capacitado. Iniciamos el empadronamiento\ndel \u00e1rea de Discapacidad.<br>\n<br>\n*En el mes de abril se inaugura en Arroyito la Red de Asistencia de las\nAdicciones.<br>\n<br>\n*Apertura del Hogar de Ancianos y del Hogar de D\u00eda a la sociedad, porque\nnecesitan de todos, incluso para la conformaci\u00f3n de la comisi\u00f3n de apoyo.\n\u00d3rgano de control para mejorar la calidad.<br>\n<br>\n*Hay d\u00edas en los que se atienden hasta 60 personas en el \u00e1rea social. Descentralizaci\u00f3n.\nIngreso de un proyecto de ordenanza para que las ayudas sociales tengan la\nposibilidad de hacer una contraprestaci\u00f3n con la que se devuelva la ayuda que\nse les da. Gesti\u00f3n de un veh\u00edculo judicializado para traslados a otras\nciudades, por motivos de salud. <\/p>\n\n\n\n<p>*C\u00f3digo de edificaci\u00f3n. Normativas de medio ambiente para poder salir a gestionar recursos.<br> <br> *Adhesi\u00f3n a la Ley Micaela.<br> <br>Sobre el final de su discurso, Benedetti enfatiz\u00f3 que <em>\u201cSon muchas cosas las que hemos hecho en estos 80 d\u00edas, con ganas y energ\u00edas enormes. Debemos sostenerlo en el tiempo, pero tener claro el rumbo, que es trabajar por la gente. Para que las instituciones sean grandes hay que trabajar con el coraz\u00f3n y construir un Arroyito fuerte, aun pensando diferente\u201d<\/em> y termin\u00f3 afirmando que <em>\u201cNo importa qui\u00e9n gobierne, lo importante es que al que no le toca gobernar controle haciendo oposici\u00f3n constructiva. No creo en los liderazgos individuales. El cambio se logra todos juntos, con mucho trabajo legislativo dando debate en el marco del respeto que impone la pluralidad de ideas, con participaci\u00f3n constructiva y emp\u00e1tica\u201d<\/em>.<\/p>\n","protected":false},"excerpt":{"rendered":"<p>Lo hizo en su primer discurso inaugural del Per\u00edodo de Sesiones Ordinarias del Concejo Deliberante de \u00e9ste, su tercer mandato&hellip;<\/p>\n","protected":false},"author":3,"featured_media":7920,"comment_status":"closed","ping_status":"open","sticky":false,"template":"","format":"standard","meta":{"footnotes":""},"categories":[920],"tags":[1012,66,67,836,115,891,226,227,968,572,640],"class_list":["post-7919","post","type-post","status-publish","format-standard","has-post-thumbnail","hentry","category-concejo-deliberante-online","tag-alberto-fernandez","tag-arroyito","tag-arroyito-cordoba","tag-arroyito-online","tag-benedetti","tag-concejales","tag-concejo","tag-concejo-deliberante","tag-gustavo-benedetti","tag-noticias-de-arroyito-y-zona","tag-politica"],"_links":{"self":[{"href":"https:\/\/arroyitoonline.com.ar\/index.php?rest_route=\/wp\/v2\/posts\/7919","targetHints":{"allow":["GET"]}}],"collection":[{"href":"https:\/\/arroyitoonline.com.ar\/index.php?rest_route=\/wp\/v2\/posts"}],"about":[{"href":"https:\/\/arroyitoonline.com.ar\/index.php?rest_route=\/wp\/v2\/types\/post"}],"author":[{"embeddable":true,"href":"https:\/\/arroyitoonline.com.ar\/index.php?rest_route=\/wp\/v2\/users\/3"}],"replies":[{"embeddable":true,"href":"https:\/\/arroyitoonline.com.ar\/index.php?rest_route=%2Fwp%2Fv2%2Fcomments&post=7919"}],"version-history":[{"count":1,"href":"https:\/\/arroyitoonline.com.ar\/index.php?rest_route=\/wp\/v2\/posts\/7919\/revisions"}],"predecessor-version":[{"id":7922,"href":"https:\/\/arroyitoonline.com.ar\/index.php?rest_route=\/wp\/v2\/posts\/7919\/revisions\/7922"}],"wp:featuredmedia":[{"embeddable":true,"href":"https:\/\/arroyitoonline.com.ar\/index.php?rest_route=\/wp\/v2\/media\/7920"}],"wp:attachment":[{"href":"https:\/\/arroyitoonline.com.ar\/index.php?rest_route=%2Fwp%2Fv2%2Fmedia&parent=7919"}],"wp:term":[{"taxonomy":"category","embeddable":true,"href":"https:\/\/arroyitoonline.com.ar\/index.php?rest_route=%2Fwp%2Fv2%2Fcategories&post=7919"},{"taxonomy":"post_tag","embeddable":true,"href":"https:\/\/arroyitoonline.com.ar\/index.php?rest_route=%2Fwp%2Fv2%2Ftags&post=7919"}],"curies":[{"name":"wp","href":"https:\/\/api.w.org\/{rel}","templated":true}]}}