{"id":7950,"date":"2020-03-04T03:22:28","date_gmt":"2020-03-04T03:22:28","guid":{"rendered":"https:\/\/arroyitoonline.com.ar\/?p=7950"},"modified":"2020-03-04T03:22:30","modified_gmt":"2020-03-04T03:22:30","slug":"el-fuertecito-benedetti-estuvo-en-el-inicio-de-clases-de-la-escuela-almirante-brown","status":"publish","type":"post","link":"https:\/\/arroyitoonline.com.ar\/?p=7950","title":{"rendered":"El Fuertecito: Benedetti estuvo en el inicio de clases de la escuela Almirante Brown"},"content":{"rendered":"\n<p>Este lunes, en el inicio de clases, el intendente Gustavo Benedetti estuvo en la Escuela de Almirante Guillermo Brown del paraje El Fuertecito, acompa\u00f1ado por la secretaria de Educaci\u00f3n y Cultura, Ver\u00f3nica Maritano.<\/p>\n\n\n\n<p>En una ma\u00f1ana soleada y llena de entusiasmo por parte de los ni\u00f1os, el acto se realiz\u00f3 en el sal\u00f3n principal del establecimiento, colmado de padres, amigos y autoridades. El evento cont\u00f3 con la presentaci\u00f3n discursiva de su directora, de la inspectora Regional de Educaci\u00f3n F\u00edsica y del propio mandatario municipal.<\/p>\n\n\n\n<p>En su discurso, Benedetti enfatiz\u00f3 que <em>\u201cLa Escuela es el ente principal de formaci\u00f3n y de contenci\u00f3n de los ni\u00f1os, es clave para un futuro mejor. Por eso es necesario que tanto los padres, como los docentes y el Estado Municipal trabajemos juntos para contribuir al crecimiento de la instituci\u00f3n y de los m\u00e1s chicos\u201d<\/em>.<\/p>\n\n\n\n<p>Por su parte, la directora anfitriona agradeci\u00f3 al Municipio por las refacciones que se realizaron para el inicio de clases y, una vez finalizado el acto, el intendente recorri\u00f3 todas instalaciones del establecimiento educativo y del Jard\u00edn de Infantes, en di\u00e1logo con los directivos sobre futuras mejoras.<\/p>\n\n\n\n<p>Fuente: Comunicaci\u00f3n y Protocolo.<\/p>\n","protected":false},"excerpt":{"rendered":"<p>Este lunes, en el inicio de clases, el intendente Gustavo Benedetti estuvo en la Escuela de Almirante Guillermo Brown del&hellip;<\/p>\n","protected":false},"author":3,"featured_media":7951,"comment_status":"closed","ping_status":"open","sticky":false,"template":"","format":"standard","meta":{"footnotes":""},"categories":[830],"tags":[66,67,836,115,310,315,1098,968,555,556,572],"class_list":["post-7950","post","type-post","status-publish","format-standard","has-post-thumbnail","hentry","category-educacion-online","tag-arroyito","tag-arroyito-cordoba","tag-arroyito-online","tag-benedetti","tag-educacion","tag-el-fuertecito","tag-escuela-almirante-brown","tag-gustavo-benedetti","tag-municipalidad","tag-municipalidad-de-arroyito","tag-noticias-de-arroyito-y-zona"],"_links":{"self":[{"href":"https:\/\/arroyitoonline.com.ar\/index.php?rest_route=\/wp\/v2\/posts\/7950","targetHints":{"allow":["GET"]}}],"collection":[{"href":"https:\/\/arroyitoonline.com.ar\/index.php?rest_route=\/wp\/v2\/posts"}],"about":[{"href":"https:\/\/arroyitoonline.com.ar\/index.php?rest_route=\/wp\/v2\/types\/post"}],"author":[{"embeddable":true,"href":"https:\/\/arroyitoonline.com.ar\/index.php?rest_route=\/wp\/v2\/users\/3"}],"replies":[{"embeddable":true,"href":"https:\/\/arroyitoonline.com.ar\/index.php?rest_route=%2Fwp%2Fv2%2Fcomments&post=7950"}],"version-history":[{"count":1,"href":"https:\/\/arroyitoonline.com.ar\/index.php?rest_route=\/wp\/v2\/posts\/7950\/revisions"}],"predecessor-version":[{"id":7952,"href":"https:\/\/arroyitoonline.com.ar\/index.php?rest_route=\/wp\/v2\/posts\/7950\/revisions\/7952"}],"wp:featuredmedia":[{"embeddable":true,"href":"https:\/\/arroyitoonline.com.ar\/index.php?rest_route=\/wp\/v2\/media\/7951"}],"wp:attachment":[{"href":"https:\/\/arroyitoonline.com.ar\/index.php?rest_route=%2Fwp%2Fv2%2Fmedia&parent=7950"}],"wp:term":[{"taxonomy":"category","embeddable":true,"href":"https:\/\/arroyitoonline.com.ar\/index.php?rest_route=%2Fwp%2Fv2%2Fcategories&post=7950"},{"taxonomy":"post_tag","embeddable":true,"href":"https:\/\/arroyitoonline.com.ar\/index.php?rest_route=%2Fwp%2Fv2%2Ftags&post=7950"}],"curies":[{"name":"wp","href":"https:\/\/api.w.org\/{rel}","templated":true}]}}