{"id":7953,"date":"2020-03-04T03:43:12","date_gmt":"2020-03-04T03:43:12","guid":{"rendered":"https:\/\/arroyitoonline.com.ar\/?p=7953"},"modified":"2020-03-04T17:07:02","modified_gmt":"2020-03-04T17:07:02","slug":"peluqueros-solidarios-cortaron-el-pelo-gratis-a-chicos-en-edad-escolar","status":"publish","type":"post","link":"https:\/\/arroyitoonline.com.ar\/?p=7953","title":{"rendered":"Peluqueros solidarios cortaron el pelo gratis a chicos en edad escolar"},"content":{"rendered":"\n<p><strong>La primera sede de esta actividad fue el Centro Vecinal Nicol\u00e1s Batalla. Los dos pr\u00f3ximos lunes continuar\u00e1 en el San Miguel y el Xanaes.<\/strong><\/p>\n\n\n\n<p>La coordinaci\u00f3n municipal de Centro Vecinales realiz\u00f3, en el marco del comienzo de las clases, la primera jornada de Corte de Pelo Solidario.<\/p>\n\n\n\n<p>El lunes 2, el Centro Vecinal Nicol\u00e1s Batalla abri\u00f3 sus puertas y recibi\u00f3 a una gran cantidad de chicos y chicas en edad escolar, que se acercaron para cortarse el pelo de manera gratuita.<\/p>\n\n\n\n<p>Desde el Gobierno Municipal agradecieron <em>&#8220;a los peluqueros que, de manera desinteresada, ayudaron a que nuestros ni\u00f1os vayan a su primera semana de colegio con nuevos cortes de pelo&#8221;<\/em>. <\/p>\n\n\n\n<figure class=\"wp-block-image\"><img loading=\"lazy\" decoding=\"async\" width=\"1024\" height=\"1024\" src=\"https:\/\/arroyitoonline.com.ar\/wp-content\/uploads\/2020\/03\/cortes-de-pelo-solidarios-1024x1024.jpeg\" alt=\"\" class=\"wp-image-7877\" srcset=\"https:\/\/arroyitoonline.com.ar\/wp-content\/uploads\/2020\/03\/cortes-de-pelo-solidarios-1024x1024.jpeg 1024w, https:\/\/arroyitoonline.com.ar\/wp-content\/uploads\/2020\/03\/cortes-de-pelo-solidarios-150x150.jpeg 150w, https:\/\/arroyitoonline.com.ar\/wp-content\/uploads\/2020\/03\/cortes-de-pelo-solidarios-300x300.jpeg 300w, https:\/\/arroyitoonline.com.ar\/wp-content\/uploads\/2020\/03\/cortes-de-pelo-solidarios-768x768.jpeg 768w, https:\/\/arroyitoonline.com.ar\/wp-content\/uploads\/2020\/03\/cortes-de-pelo-solidarios.jpeg 1181w\" sizes=\"auto, (max-width: 1024px) 100vw, 1024px\" \/><\/figure>\n\n\n\n<p>Esta acci\u00f3n se repetir\u00e1 el pr\u00f3ximo lunes 9 de marzo, en el Centro Vecinal San Miguel (Elbio Riba 1270), y el lunes 16 de marzo, en el Centro Vecinal Xanaes (Ram\u00f3n cabrera 330), en ambos casos de 16:00 a 19:00 horas.<\/p>\n\n\n\n<p>Fuente: Comunicaci\u00f3n y Protocolo.<\/p>\n","protected":false},"excerpt":{"rendered":"<p>La primera sede de esta actividad fue el Centro Vecinal Nicol\u00e1s Batalla. Los dos pr\u00f3ximos lunes continuar\u00e1 en el San&hellip;<\/p>\n","protected":false},"author":3,"featured_media":7954,"comment_status":"closed","ping_status":"open","sticky":false,"template":"","format":"standard","meta":{"footnotes":""},"categories":[860],"tags":[66,67,178,179,180,181,555,556,572,861,738],"class_list":["post-7953","post","type-post","status-publish","format-standard","has-post-thumbnail","hentry","category-solidaridad-online","tag-arroyito","tag-arroyito-cordoba","tag-centro-vecinal-nicolas-batalla","tag-centro-vecinal-san-miguel","tag-centro-vecinal-xanaes","tag-centros-vecinales","tag-municipalidad","tag-municipalidad-de-arroyito","tag-noticias-de-arroyito-y-zona","tag-peluqueros-solidarios","tag-solidaridad"],"_links":{"self":[{"href":"https:\/\/arroyitoonline.com.ar\/index.php?rest_route=\/wp\/v2\/posts\/7953","targetHints":{"allow":["GET"]}}],"collection":[{"href":"https:\/\/arroyitoonline.com.ar\/index.php?rest_route=\/wp\/v2\/posts"}],"about":[{"href":"https:\/\/arroyitoonline.com.ar\/index.php?rest_route=\/wp\/v2\/types\/post"}],"author":[{"embeddable":true,"href":"https:\/\/arroyitoonline.com.ar\/index.php?rest_route=\/wp\/v2\/users\/3"}],"replies":[{"embeddable":true,"href":"https:\/\/arroyitoonline.com.ar\/index.php?rest_route=%2Fwp%2Fv2%2Fcomments&post=7953"}],"version-history":[{"count":2,"href":"https:\/\/arroyitoonline.com.ar\/index.php?rest_route=\/wp\/v2\/posts\/7953\/revisions"}],"predecessor-version":[{"id":7970,"href":"https:\/\/arroyitoonline.com.ar\/index.php?rest_route=\/wp\/v2\/posts\/7953\/revisions\/7970"}],"wp:featuredmedia":[{"embeddable":true,"href":"https:\/\/arroyitoonline.com.ar\/index.php?rest_route=\/wp\/v2\/media\/7954"}],"wp:attachment":[{"href":"https:\/\/arroyitoonline.com.ar\/index.php?rest_route=%2Fwp%2Fv2%2Fmedia&parent=7953"}],"wp:term":[{"taxonomy":"category","embeddable":true,"href":"https:\/\/arroyitoonline.com.ar\/index.php?rest_route=%2Fwp%2Fv2%2Fcategories&post=7953"},{"taxonomy":"post_tag","embeddable":true,"href":"https:\/\/arroyitoonline.com.ar\/index.php?rest_route=%2Fwp%2Fv2%2Ftags&post=7953"}],"curies":[{"name":"wp","href":"https:\/\/api.w.org\/{rel}","templated":true}]}}