{"id":7960,"date":"2020-03-04T12:10:47","date_gmt":"2020-03-04T12:10:47","guid":{"rendered":"https:\/\/arroyitoonline.com.ar\/?p=7960"},"modified":"2020-03-04T12:11:25","modified_gmt":"2020-03-04T12:11:25","slug":"genesio-100-personas-han-ingresado-a-la-municipalidad-y-todavia-no-sabemos-que-van-a-hacer","status":"publish","type":"post","link":"https:\/\/arroyitoonline.com.ar\/?p=7960","title":{"rendered":"Genesio: \u201c100 personas han ingresado a la Municipalidad y todav\u00eda no sabemos qu\u00e9 van a hacer\u201d"},"content":{"rendered":"\n<p><strong>Lo dijo el concejal del Vecinalismo Independiente, cuando se refiri\u00f3 al discurso inaugural de Benedetti. Adem\u00e1s, Lidia Mart\u00ednez pidi\u00f3 precisiones sobre plazos de construcci\u00f3n de viviendas municipales. <\/strong><\/p>\n\n\n\n<p>El 1 de marzo pasado, en el marco del acto de Apertura del Per\u00edodo de Sesiones Ordinarias 2020 del Concejo Deliberante, <a href=\"https:\/\/arroyitoonline.com.ar\/concejo-deliberante-online\/benedetti-hablo-53-minutos-y-dijo-que-debemos-ponernos-por-encima-de-las-diferencias-politicas-e-institucionales-para-pensar-en-la-gente\/\">el intendente pronunci\u00f3 su primer discurso inaugural<\/a>. Benedetti habl\u00f3 por 53 minutos haciendo hincapi\u00e9 en reuniones mantenidas con funcionarios del Gobierno Provincial y temas que considera ejes de gesti\u00f3n: educaci\u00f3n, salud y ayuda social. <\/p>\n\n\n\n<p>Una vez finalizado el evento, las palabras del jefe municipal generaron las r\u00e9plicas de referentes de la Oposici\u00f3n. Los m\u00e1s duros fueron los concejales Lidia Mart\u00ednez y Wilson Genesio que, en notas brindadas a<strong> Canal 3<\/strong> de Arroyito, expresaron sus puntos de vista en torno a los anuncios de Benedetti. <\/p>\n\n\n\n<p>Para la presidenta del Bloque Radical, <em>\u201clas propuestas estuvieron presentadas m\u00e1s como expresiones de deseos\u201d<\/em>. La exprecandidata a intendenta por la Uni\u00f3n C\u00edvica Radical esperaba <em>\u201calgunas cuestiones muy urgentes, como el tema de las viviendas, que hubiera dado plazos de inicio de obras. O bueno, en todas las tem\u00e1ticas que fue desarrollando se hablaba mucho de gestionar y de reuniones que se vienen teniendo, pero no hab\u00eda datos precisos de qu\u00e9 actividad, empezando cu\u00e1ndo\u201d.<\/em><\/p>\n\n\n\n<p>Mart\u00ednez cerr\u00f3 diciendo: <em>\u201c\u00a1Qu\u00e9 lindo ser\u00eda, el a\u00f1o que viene en la inauguraci\u00f3n, ver qu\u00e9 de estos proyectos se pudo plasmar!\u201d<\/em>. <\/p>\n\n\n\n<p><strong>Genesio apunt\u00f3 a la nueva gesti\u00f3n por la contrataci\u00f3n de personal<\/strong><\/p>\n\n\n\n<p>M\u00e1s ir\u00f3nico y cr\u00edtico, Wilson Genesio agradeci\u00f3 a Juan Schiaretti, porque <em>\u201ctodav\u00eda no encuentro el sentido de los m\u00e1s $700\nmillones que el Municipio pretende recaudar en 2020 y lo \u00fanico que encuentro es\nun mont\u00f3n de reuniones con el Gobierno de la Provincia de C\u00f3rdoba. Tiene\nprogramas que por fin llegan a nuestra ciudad, que son realmente necesarios y\nque son parte del financiamiento que todos los cordobeses hacemos a trav\u00e9s de\nnuestros impuestos, pero me queda el sinsabor de un gobierno que lo \u00fanico que\nhizo fue enumerar, una serie de reuniones con proyectos futuros con la\nProvincia y poco desarrollo a nivel ciudad\u201d<\/em>.<\/p>\n\n\n\n<p>A continuaci\u00f3n, el \u00fanico miembro del Bloque Vecinalismo Independiente agreg\u00f3 que <em>\u201ctodos estamos cansados de escuchar discursos vac\u00edos. Sabemos que estos 80 d\u00edas que pasaron, m\u00e1s de 100 personas han ingresado a nuestra Municipalidad, en puestos que todav\u00eda no sabemos qu\u00e9 van a hacer\u201d<\/em> aseverando que <em>\u201cNecesitamos otro tipo de gobierno. M\u00e1s del 50% de la sociedad quiere que nuestro Arroyito sea una ciudad donde podamos disfrutarla, donde vivamos bien, en paz, donde haya soluciones y con proyecci\u00f3n de futuro, con un prop\u00f3sito de vida\u201d<\/em>.<\/p>\n\n\n\n<p>Foto de portada: captura Canal 3. <\/p>\n\n\n\n<p>Fuente: Canal 3.<\/p>\n","protected":false},"excerpt":{"rendered":"<p>Lo dijo el concejal del Vecinalismo Independiente, cuando se refiri\u00f3 al discurso inaugural de Benedetti. Adem\u00e1s, Lidia Mart\u00ednez pidi\u00f3 precisiones&hellip;<\/p>\n","protected":false},"author":3,"featured_media":7961,"comment_status":"closed","ping_status":"open","sticky":false,"template":"","format":"standard","meta":{"footnotes":""},"categories":[920],"tags":[66,67,836,115,891,226,227,401,968,496,572,871,791],"class_list":["post-7960","post","type-post","status-publish","format-standard","has-post-thumbnail","hentry","category-concejo-deliberante-online","tag-arroyito","tag-arroyito-cordoba","tag-arroyito-online","tag-benedetti","tag-concejales","tag-concejo","tag-concejo-deliberante","tag-genesio","tag-gustavo-benedetti","tag-lidia-martinez","tag-noticias-de-arroyito-y-zona","tag-radicalismo","tag-vecinalismo"],"_links":{"self":[{"href":"https:\/\/arroyitoonline.com.ar\/index.php?rest_route=\/wp\/v2\/posts\/7960","targetHints":{"allow":["GET"]}}],"collection":[{"href":"https:\/\/arroyitoonline.com.ar\/index.php?rest_route=\/wp\/v2\/posts"}],"about":[{"href":"https:\/\/arroyitoonline.com.ar\/index.php?rest_route=\/wp\/v2\/types\/post"}],"author":[{"embeddable":true,"href":"https:\/\/arroyitoonline.com.ar\/index.php?rest_route=\/wp\/v2\/users\/3"}],"replies":[{"embeddable":true,"href":"https:\/\/arroyitoonline.com.ar\/index.php?rest_route=%2Fwp%2Fv2%2Fcomments&post=7960"}],"version-history":[{"count":2,"href":"https:\/\/arroyitoonline.com.ar\/index.php?rest_route=\/wp\/v2\/posts\/7960\/revisions"}],"predecessor-version":[{"id":7963,"href":"https:\/\/arroyitoonline.com.ar\/index.php?rest_route=\/wp\/v2\/posts\/7960\/revisions\/7963"}],"wp:featuredmedia":[{"embeddable":true,"href":"https:\/\/arroyitoonline.com.ar\/index.php?rest_route=\/wp\/v2\/media\/7961"}],"wp:attachment":[{"href":"https:\/\/arroyitoonline.com.ar\/index.php?rest_route=%2Fwp%2Fv2%2Fmedia&parent=7960"}],"wp:term":[{"taxonomy":"category","embeddable":true,"href":"https:\/\/arroyitoonline.com.ar\/index.php?rest_route=%2Fwp%2Fv2%2Fcategories&post=7960"},{"taxonomy":"post_tag","embeddable":true,"href":"https:\/\/arroyitoonline.com.ar\/index.php?rest_route=%2Fwp%2Fv2%2Ftags&post=7960"}],"curies":[{"name":"wp","href":"https:\/\/api.w.org\/{rel}","templated":true}]}}