{"id":7973,"date":"2020-03-04T17:22:14","date_gmt":"2020-03-04T17:22:14","guid":{"rendered":"https:\/\/arroyitoonline.com.ar\/?p=7973"},"modified":"2020-03-04T17:22:16","modified_gmt":"2020-03-04T17:22:16","slug":"juan-jose-oliva-olmos-homenajeo-a-benedetti-con-un-poema","status":"publish","type":"post","link":"https:\/\/arroyitoonline.com.ar\/?p=7973","title":{"rendered":"Juan Jos\u00e9 Oliva Olmos homenaje\u00f3 a Benedetti con un poema"},"content":{"rendered":"\n<p><strong>La poes\u00eda de autor\u00eda del escritor y cantautor, que fue escrita en 2018, reconoce las anteriores gestiones del actual intendente.<\/strong><\/p>\n\n\n\n<p>Ayer martes 3 de marzo, el intendente, Gustavo Benedetti; el secretario de Servicios P\u00fablicos, Jes\u00fas Beigvedier, y la secretaria Privada, Claudia Oberto, fueron reconocidos por Juan Jos\u00e9 Oliva Olmos.<\/p>\n\n\n\n<p>En la sala de gabinete del Municipio, el escritor les obsequi\u00f3 un cuadro con el poema titulado \u201cGustavo Ariel Benedetti\u201d, el cual fue escrito en 2018 en reconocimiento al actual intendente por sus anteriores mandatos recalcando su gran gesti\u00f3n y vaticinando su victoria en 2019.<\/p>\n\n\n\n<p>Juan Jos\u00e9 Oliva Olmos es un escritor y cantautor de nuestra ciudad con vasta trayectoria en estos rubros. Ha participado en diferentes festivales folcl\u00f3ricos nacionales recibiendo menciones por sus poemas y canciones.<\/p>\n\n\n\n<p>El Gobierno Municipal agradeci\u00f3<em> &#8220;enormemente esta muestra de cari\u00f1o y respeto&#8221;<\/em>. <\/p>\n\n\n\n<p>Fuente: Comunicaci\u00f3n y Protocolo.<\/p>\n","protected":false},"excerpt":{"rendered":"<p>La poes\u00eda de autor\u00eda del escritor y cantautor, que fue escrita en 2018, reconoce las anteriores gestiones del actual intendente.&hellip;<\/p>\n","protected":false},"author":3,"featured_media":7975,"comment_status":"closed","ping_status":"open","sticky":false,"template":"","format":"standard","meta":{"footnotes":""},"categories":[829],"tags":[66,67,836,115,259,968,499,868,555,556,572],"class_list":["post-7973","post","type-post","status-publish","format-standard","has-post-thumbnail","hentry","category-municipales-online","tag-arroyito","tag-arroyito-cordoba","tag-arroyito-online","tag-benedetti","tag-cultura","tag-gustavo-benedetti","tag-literatura","tag-municipales-online","tag-municipalidad","tag-municipalidad-de-arroyito","tag-noticias-de-arroyito-y-zona"],"_links":{"self":[{"href":"https:\/\/arroyitoonline.com.ar\/index.php?rest_route=\/wp\/v2\/posts\/7973","targetHints":{"allow":["GET"]}}],"collection":[{"href":"https:\/\/arroyitoonline.com.ar\/index.php?rest_route=\/wp\/v2\/posts"}],"about":[{"href":"https:\/\/arroyitoonline.com.ar\/index.php?rest_route=\/wp\/v2\/types\/post"}],"author":[{"embeddable":true,"href":"https:\/\/arroyitoonline.com.ar\/index.php?rest_route=\/wp\/v2\/users\/3"}],"replies":[{"embeddable":true,"href":"https:\/\/arroyitoonline.com.ar\/index.php?rest_route=%2Fwp%2Fv2%2Fcomments&post=7973"}],"version-history":[{"count":2,"href":"https:\/\/arroyitoonline.com.ar\/index.php?rest_route=\/wp\/v2\/posts\/7973\/revisions"}],"predecessor-version":[{"id":7976,"href":"https:\/\/arroyitoonline.com.ar\/index.php?rest_route=\/wp\/v2\/posts\/7973\/revisions\/7976"}],"wp:featuredmedia":[{"embeddable":true,"href":"https:\/\/arroyitoonline.com.ar\/index.php?rest_route=\/wp\/v2\/media\/7975"}],"wp:attachment":[{"href":"https:\/\/arroyitoonline.com.ar\/index.php?rest_route=%2Fwp%2Fv2%2Fmedia&parent=7973"}],"wp:term":[{"taxonomy":"category","embeddable":true,"href":"https:\/\/arroyitoonline.com.ar\/index.php?rest_route=%2Fwp%2Fv2%2Fcategories&post=7973"},{"taxonomy":"post_tag","embeddable":true,"href":"https:\/\/arroyitoonline.com.ar\/index.php?rest_route=%2Fwp%2Fv2%2Ftags&post=7973"}],"curies":[{"name":"wp","href":"https:\/\/api.w.org\/{rel}","templated":true}]}}