{"id":8025,"date":"2020-03-07T17:19:16","date_gmt":"2020-03-07T17:19:16","guid":{"rendered":"https:\/\/arroyitoonline.com.ar\/?p=8025"},"modified":"2020-03-07T17:19:21","modified_gmt":"2020-03-07T17:19:21","slug":"autoridades-municipales-se-reunieron-con-el-inspector-de-zona-escolar-2320","status":"publish","type":"post","link":"https:\/\/arroyitoonline.com.ar\/?p=8025","title":{"rendered":"Autoridades municipales se reunieron con el inspector de Zona Escolar 2320"},"content":{"rendered":"\n<p><strong>El encuentro tuvo como eje el abordaje del comienzo del a\u00f1o lectivo.<\/strong><\/p>\n\n\n\n<p>En d\u00edas previos al inicio del Ciclo Lectivo 2020, la viceintendente, Mar\u00eda Jos\u00e9 Esp\u00f3sito, y la secretaria de Educaci\u00f3n y Cultura, Ver\u00f3nica Maritano, se reunieron con el inspector de la Zona Escolar 2320, Oscar D\u00edaz, y su secretaria, Silvana Girodoli, para el abordaje del comienzo del a\u00f1o escolar.<\/p>\n\n\n\n<p>La inclusi\u00f3n, el tratamiento de los problemas sociales, la seguridad vial y los proyectos de huertas est\u00e1n en la agenda educativa de las autoridades municipales.<\/p>\n\n\n\n<p>Fuente: Comunicaci\u00f3n y Protocolo.<\/p>\n","protected":false},"excerpt":{"rendered":"<p>El encuentro tuvo como eje el abordaje del comienzo del a\u00f1o lectivo. En d\u00edas previos al inicio del Ciclo Lectivo&hellip;<\/p>\n","protected":false},"author":3,"featured_media":8026,"comment_status":"closed","ping_status":"open","sticky":false,"template":"","format":"standard","meta":{"footnotes":""},"categories":[830],"tags":[66,67,836,310,348,555,556,572],"class_list":["post-8025","post","type-post","status-publish","format-standard","has-post-thumbnail","hentry","category-educacion-online","tag-arroyito","tag-arroyito-cordoba","tag-arroyito-online","tag-educacion","tag-escuelas","tag-municipalidad","tag-municipalidad-de-arroyito","tag-noticias-de-arroyito-y-zona"],"_links":{"self":[{"href":"https:\/\/arroyitoonline.com.ar\/index.php?rest_route=\/wp\/v2\/posts\/8025","targetHints":{"allow":["GET"]}}],"collection":[{"href":"https:\/\/arroyitoonline.com.ar\/index.php?rest_route=\/wp\/v2\/posts"}],"about":[{"href":"https:\/\/arroyitoonline.com.ar\/index.php?rest_route=\/wp\/v2\/types\/post"}],"author":[{"embeddable":true,"href":"https:\/\/arroyitoonline.com.ar\/index.php?rest_route=\/wp\/v2\/users\/3"}],"replies":[{"embeddable":true,"href":"https:\/\/arroyitoonline.com.ar\/index.php?rest_route=%2Fwp%2Fv2%2Fcomments&post=8025"}],"version-history":[{"count":1,"href":"https:\/\/arroyitoonline.com.ar\/index.php?rest_route=\/wp\/v2\/posts\/8025\/revisions"}],"predecessor-version":[{"id":8027,"href":"https:\/\/arroyitoonline.com.ar\/index.php?rest_route=\/wp\/v2\/posts\/8025\/revisions\/8027"}],"wp:featuredmedia":[{"embeddable":true,"href":"https:\/\/arroyitoonline.com.ar\/index.php?rest_route=\/wp\/v2\/media\/8026"}],"wp:attachment":[{"href":"https:\/\/arroyitoonline.com.ar\/index.php?rest_route=%2Fwp%2Fv2%2Fmedia&parent=8025"}],"wp:term":[{"taxonomy":"category","embeddable":true,"href":"https:\/\/arroyitoonline.com.ar\/index.php?rest_route=%2Fwp%2Fv2%2Fcategories&post=8025"},{"taxonomy":"post_tag","embeddable":true,"href":"https:\/\/arroyitoonline.com.ar\/index.php?rest_route=%2Fwp%2Fv2%2Ftags&post=8025"}],"curies":[{"name":"wp","href":"https:\/\/api.w.org\/{rel}","templated":true}]}}