{"id":8031,"date":"2020-03-06T13:00:30","date_gmt":"2020-03-06T13:00:30","guid":{"rendered":"https:\/\/arroyitoonline.com.ar\/?p=8031"},"modified":"2020-03-07T18:11:16","modified_gmt":"2020-03-07T18:11:16","slug":"siguen-las-actividades-en-la-semana-de-las-mujeres","status":"publish","type":"post","link":"https:\/\/arroyitoonline.com.ar\/?p=8031","title":{"rendered":"Siguen las actividades en la Semana de las Mujeres"},"content":{"rendered":"\n<p><strong>En el Auditorio Coral disertar\u00e1n la legisladora Alejandra Piasco y la escritora Mar\u00eda Elena Guzm\u00e1n y se presentar\u00e1 el Coro de la Mujer.<\/strong><\/p>\n\n\n\n<p>Contin\u00faan las actividades planificadas para la semana de las mujeres. Hoy viernes 6 de marzo, a las 20:00 horas, disertar\u00e1 la legisladora Alejandra Piasco en el Auditorio Coral (Rivadavia 350).<\/p>\n\n\n\n<p>Tambi\u00e9n estar\u00e1 la escritora Marta Elena Guzm\u00e1n y se concretar\u00e1 una presentaci\u00f3n, con un alucinante repertorio,&nbsp;del Coro de la Mujer.<br><\/p>\n\n\n\n<figure class=\"wp-block-image\"><img loading=\"lazy\" decoding=\"async\" width=\"1024\" height=\"1024\" src=\"https:\/\/arroyitoonline.com.ar\/wp-content\/uploads\/2020\/03\/Viernes_6_Semana_de_las_Mujeres-1024x1024.jpeg\" alt=\"\" class=\"wp-image-8032\" srcset=\"https:\/\/arroyitoonline.com.ar\/wp-content\/uploads\/2020\/03\/Viernes_6_Semana_de_las_Mujeres-1024x1024.jpeg 1024w, https:\/\/arroyitoonline.com.ar\/wp-content\/uploads\/2020\/03\/Viernes_6_Semana_de_las_Mujeres-150x150.jpeg 150w, https:\/\/arroyitoonline.com.ar\/wp-content\/uploads\/2020\/03\/Viernes_6_Semana_de_las_Mujeres-300x300.jpeg 300w, https:\/\/arroyitoonline.com.ar\/wp-content\/uploads\/2020\/03\/Viernes_6_Semana_de_las_Mujeres-768x768.jpeg 768w, https:\/\/arroyitoonline.com.ar\/wp-content\/uploads\/2020\/03\/Viernes_6_Semana_de_las_Mujeres.jpeg 1240w\" sizes=\"auto, (max-width: 1024px) 100vw, 1024px\" \/><\/figure>\n\n\n\n<p>La Legisladora Alejandra Piasco integra Lideresas para la participaci\u00f3n pol\u00edtica, un programa del Gobierno de la Provincia de C\u00f3rdoba que promueve la inclusi\u00f3n, la participaci\u00f3n y el liderazgo de las mujeres en todos los \u00e1mbitos, conformando una red de lideresas con representantes de toda la provincia.<br><\/p>\n\n\n\n<p>Adem\u00e1s, en el marco de la Semana de la Mujer, el s\u00e1bado 7 a las 9:00 horas, habr\u00e1 una jornada matutina con caminatas, desayuno saludable y una clase de ritmos en la costanera del Balneario Municipal.<\/p>\n\n\n\n<p>Todas estas acciones, que est\u00e1n organizadas por la secretar\u00eda de Educaci\u00f3n y Cultura, la direcci\u00f3n de Deportes, el Consejo de las Mujeres y la Biblioteca Municipal Popular Almafuerte, son de acceso libre y gratuito.<\/p>\n\n\n\n<p>Fuente: Comunicaci\u00f3n y Protocolo.<\/p>\n","protected":false},"excerpt":{"rendered":"<p>En el Auditorio Coral disertar\u00e1n la legisladora Alejandra Piasco y la escritora Mar\u00eda Elena Guzm\u00e1n y se presentar\u00e1 el Coro&hellip;<\/p>\n","protected":false},"author":3,"featured_media":8034,"comment_status":"closed","ping_status":"open","sticky":false,"template":"","format":"standard","meta":{"footnotes":""},"categories":[877],"tags":[66,67,836,232,551,556,878,572],"class_list":["post-8031","post","type-post","status-publish","format-standard","has-post-thumbnail","hentry","category-noti-mujer-online","tag-arroyito","tag-arroyito-cordoba","tag-arroyito-online","tag-consejo-de-la-mujer","tag-mujeres-arroyito","tag-municipalidad-de-arroyito","tag-noti-mujer-online","tag-noticias-de-arroyito-y-zona"],"_links":{"self":[{"href":"https:\/\/arroyitoonline.com.ar\/index.php?rest_route=\/wp\/v2\/posts\/8031","targetHints":{"allow":["GET"]}}],"collection":[{"href":"https:\/\/arroyitoonline.com.ar\/index.php?rest_route=\/wp\/v2\/posts"}],"about":[{"href":"https:\/\/arroyitoonline.com.ar\/index.php?rest_route=\/wp\/v2\/types\/post"}],"author":[{"embeddable":true,"href":"https:\/\/arroyitoonline.com.ar\/index.php?rest_route=\/wp\/v2\/users\/3"}],"replies":[{"embeddable":true,"href":"https:\/\/arroyitoonline.com.ar\/index.php?rest_route=%2Fwp%2Fv2%2Fcomments&post=8031"}],"version-history":[{"count":2,"href":"https:\/\/arroyitoonline.com.ar\/index.php?rest_route=\/wp\/v2\/posts\/8031\/revisions"}],"predecessor-version":[{"id":8036,"href":"https:\/\/arroyitoonline.com.ar\/index.php?rest_route=\/wp\/v2\/posts\/8031\/revisions\/8036"}],"wp:featuredmedia":[{"embeddable":true,"href":"https:\/\/arroyitoonline.com.ar\/index.php?rest_route=\/wp\/v2\/media\/8034"}],"wp:attachment":[{"href":"https:\/\/arroyitoonline.com.ar\/index.php?rest_route=%2Fwp%2Fv2%2Fmedia&parent=8031"}],"wp:term":[{"taxonomy":"category","embeddable":true,"href":"https:\/\/arroyitoonline.com.ar\/index.php?rest_route=%2Fwp%2Fv2%2Fcategories&post=8031"},{"taxonomy":"post_tag","embeddable":true,"href":"https:\/\/arroyitoonline.com.ar\/index.php?rest_route=%2Fwp%2Fv2%2Ftags&post=8031"}],"curies":[{"name":"wp","href":"https:\/\/api.w.org\/{rel}","templated":true}]}}