{"id":8049,"date":"2020-03-09T14:41:21","date_gmt":"2020-03-09T14:41:21","guid":{"rendered":"https:\/\/arroyitoonline.com.ar\/?p=8049"},"modified":"2020-03-09T14:41:22","modified_gmt":"2020-03-09T14:41:22","slug":"el-cultural-se-quedo-con-el-clasico-y-la-copa-ciudad-de-arroyito","status":"publish","type":"post","link":"https:\/\/arroyitoonline.com.ar\/?p=8049","title":{"rendered":"El Cultural se qued\u00f3 con el cl\u00e1sico y la Copa Ciudad de Arroyito"},"content":{"rendered":"\n<p><strong>La Verde se impuso al Sportivo 24 por 2 a 0, en el derby local, con goles de P\u00e9rez y V\u00e1zquez. <\/strong><\/p>\n\n\n\n<p>El pasado jueves 5 de marzo se jug\u00f3 una nueva edici\u00f3n del cl\u00e1sico de f\u00fatbol local, entre el Club Sportivo 24 de Septiembre y el Club Deportivo y Cultural, en este caso por la Copa Ciudad de Arroyito.\u00a0<\/p>\n\n\n\n<p>En el encuentro, que se desarroll\u00f3 de manera ordenada y alegre, las dos parcialidades disfrutaron del espect\u00e1culo. Con goles de P\u00e9rez y V\u00e1zquez, el local, la Verde, se qued\u00f3 con el trofeo en disputa. La copa fue entregada al capit\u00e1n por el intendente Gustavo Benedetti.<br><\/p>\n\n\n\n<p>&#8220;Agradecemos a los clubes el gran trabajo que vienen realizando y\u00a0 saludamos a cada uno de los jugadores. Sigamos trabajando en equipo por una mejor ciudad, donde cada uno de los vecinos tenga acceso al deporte&#8221;, se\u00f1alaron desde el Gobierno Municipal, auspiciante del evento.<\/p>\n\n\n\n<p>Fuente: Comunicaci\u00f3n y Protocolo del Gobierno Municipal. <\/p>\n","protected":false},"excerpt":{"rendered":"<p>La Verde se impuso al Sportivo 24 por 2 a 0, en el derby local, con goles de P\u00e9rez y&hellip;<\/p>\n","protected":false},"author":3,"featured_media":8050,"comment_status":"closed","ping_status":"open","sticky":false,"template":"","format":"standard","meta":{"footnotes":""},"categories":[3],"tags":[15,66,67,836,206,207,276,277,572],"class_list":["post-8049","post","type-post","status-publish","format-standard","has-post-thumbnail","hentry","category-infodeporte","tag-24-de-septiembre","tag-arroyito","tag-arroyito-cordoba","tag-arroyito-online","tag-club-24","tag-club-cultural","tag-deporte","tag-deportes","tag-noticias-de-arroyito-y-zona"],"_links":{"self":[{"href":"https:\/\/arroyitoonline.com.ar\/index.php?rest_route=\/wp\/v2\/posts\/8049","targetHints":{"allow":["GET"]}}],"collection":[{"href":"https:\/\/arroyitoonline.com.ar\/index.php?rest_route=\/wp\/v2\/posts"}],"about":[{"href":"https:\/\/arroyitoonline.com.ar\/index.php?rest_route=\/wp\/v2\/types\/post"}],"author":[{"embeddable":true,"href":"https:\/\/arroyitoonline.com.ar\/index.php?rest_route=\/wp\/v2\/users\/3"}],"replies":[{"embeddable":true,"href":"https:\/\/arroyitoonline.com.ar\/index.php?rest_route=%2Fwp%2Fv2%2Fcomments&post=8049"}],"version-history":[{"count":1,"href":"https:\/\/arroyitoonline.com.ar\/index.php?rest_route=\/wp\/v2\/posts\/8049\/revisions"}],"predecessor-version":[{"id":8051,"href":"https:\/\/arroyitoonline.com.ar\/index.php?rest_route=\/wp\/v2\/posts\/8049\/revisions\/8051"}],"wp:featuredmedia":[{"embeddable":true,"href":"https:\/\/arroyitoonline.com.ar\/index.php?rest_route=\/wp\/v2\/media\/8050"}],"wp:attachment":[{"href":"https:\/\/arroyitoonline.com.ar\/index.php?rest_route=%2Fwp%2Fv2%2Fmedia&parent=8049"}],"wp:term":[{"taxonomy":"category","embeddable":true,"href":"https:\/\/arroyitoonline.com.ar\/index.php?rest_route=%2Fwp%2Fv2%2Fcategories&post=8049"},{"taxonomy":"post_tag","embeddable":true,"href":"https:\/\/arroyitoonline.com.ar\/index.php?rest_route=%2Fwp%2Fv2%2Ftags&post=8049"}],"curies":[{"name":"wp","href":"https:\/\/api.w.org\/{rel}","templated":true}]}}