{"id":8052,"date":"2020-03-09T15:50:09","date_gmt":"2020-03-09T15:50:09","guid":{"rendered":"https:\/\/arroyitoonline.com.ar\/?p=8052"},"modified":"2020-03-10T03:50:29","modified_gmt":"2020-03-10T03:50:29","slug":"semana-de-las-mujeres-el-viernes-se-lleno-de-literatura-musica-y-politica","status":"publish","type":"post","link":"https:\/\/arroyitoonline.com.ar\/?p=8052","title":{"rendered":"Semana de las Mujeres: el viernes se llen\u00f3 de literatura, m\u00fasica y pol\u00edtica"},"content":{"rendered":"\n<p><strong>Disertaron la escritora Marta Elena Guzm\u00e1n y la legisladora Alejandra Piasco. Sobre el final se present\u00f3 el Coro Municipal de la Mujer.<\/strong><\/p>\n\n\n\n<p>Articulando esfuerzos entre las secretar\u00edas de Educaci\u00f3n y Cultura y Deportes, el Consejo de las Mujeres y la Biblioteca Municipal Popular Almafuerte, en el marco de la celebraci\u00f3n semanal programada por el D\u00eda Internacional de la Mujer, el Gobierno Municipal concret\u00f3 un importante espect\u00e1culo.<\/p>\n\n\n\n<p>La noche del viernes 6 de marzo las tuvo como protagonistas, en una presentaci\u00f3n que reuni\u00f3 la participaci\u00f3n pol\u00edtica, la literatura y la m\u00fasica.<\/p>\n\n\n\n<p>En el inicio de la velada, se present\u00f3 la escritora Marta Elena Guzm\u00e1n quien habl\u00f3 sobre la Literatura y la Mujer. Marta Elena desarrolla, en C\u00f3rdoba, el Taller <em>\u201cLa Pluma\u201d<\/em> donde se realizan investigaciones sobre las mujeres destacadas en la historia. Guzm\u00e1n cerr\u00f3 su presentaci\u00f3n con un poema musicalizado con la canci\u00f3n Alfonsina y el Mar.\u00a0<\/p>\n\n\n\n<figure class=\"wp-block-image\"><img decoding=\"async\" src=\"http:\/\/www.municipioarroyito.gob.ar\/images\/sitio\/noticias\/inicio\/2020\/Marzo\/Marta_Elena_Guzman.jpeg\" alt=\"Noticia\"\/><figcaption><em>La escritora Marta Elena Guzm\u00e1n disert\u00f3 sobre la Literatura y la Mujer<\/em><\/figcaption><\/figure>\n\n\n\n<p>M\u00e1s tarde, disert\u00f3 la legisladora Alejandra Piasco, quien integra y promueve Lideresas, organizaci\u00f3n provincial de mujeres para la participaci\u00f3n pol\u00edtica. El rol de la mujer en la actividad pol\u00edtica como tema central, con un gran desarrollo, integr\u00f3 el discurso de la pol\u00edtica oriunda de San Francisco.\u00a0\u00a0<\/p>\n\n\n\n<figure class=\"wp-block-image\"><img decoding=\"async\" src=\"http:\/\/www.municipioarroyito.gob.ar\/images\/sitio\/noticias\/inicio\/2020\/Marzo\/Alejandra_Piasco.jpeg\" alt=\"Noticia\"\/><figcaption>L<em>a legisladora Alejandra Piasco integra y promueve Lideresas, organizaci\u00f3n provincial de mujeres para la participaci\u00f3n pol\u00edtica. <\/em><\/figcaption><\/figure>\n\n\n\n<p>Por \u00faltimo, el Coro Municipal de la Mujer, conformado solo para esta celebraci\u00f3n, se luci\u00f3 con su repertorio, entonando una de sus canciones en lengua quechua, en el Auditorio Coral. <\/p>\n\n\n\n<figure class=\"wp-block-image\"><img decoding=\"async\" src=\"http:\/\/www.municipioarroyito.gob.ar\/images\/sitio\/noticias\/inicio\/2020\/Marzo\/Coro_de_la_Mujer_Municipal.jpeg\" alt=\"Noticia\"\/><figcaption><em>Coro Municipal de la Mujer, conformado solo para esta celebraci\u00f3n <\/em><\/figcaption><\/figure>\n\n\n\n<p><em>&#8220;Agradecemos a todos los que formaron parte en la tarea de visibilizar el gran trabajo de las mujeres de Arroyito y la Provincia&#8221;<\/em>, expresaron desde el Gobierno Municipal.<\/p>\n\n\n\n<p>Fuente: Comunicaci\u00f3n y Protocolo del Gobierno Municipal.<\/p>\n","protected":false},"excerpt":{"rendered":"<p>Disertaron la escritora Marta Elena Guzm\u00e1n y la legisladora Alejandra Piasco. Sobre el final se present\u00f3 el Coro Municipal de&hellip;<\/p>\n","protected":false},"author":3,"featured_media":8062,"comment_status":"closed","ping_status":"open","sticky":false,"template":"","format":"standard","meta":{"footnotes":""},"categories":[877],"tags":[66,67,836,117,886,259,499,559,878,572],"class_list":["post-8052","post","type-post","status-publish","format-standard","has-post-thumbnail","hentry","category-noti-mujer-online","tag-arroyito","tag-arroyito-cordoba","tag-arroyito-online","tag-biblioteca","tag-biblioteca-municipal-popular-almafuerte","tag-cultura","tag-literatura","tag-musica","tag-noti-mujer-online","tag-noticias-de-arroyito-y-zona"],"_links":{"self":[{"href":"https:\/\/arroyitoonline.com.ar\/index.php?rest_route=\/wp\/v2\/posts\/8052","targetHints":{"allow":["GET"]}}],"collection":[{"href":"https:\/\/arroyitoonline.com.ar\/index.php?rest_route=\/wp\/v2\/posts"}],"about":[{"href":"https:\/\/arroyitoonline.com.ar\/index.php?rest_route=\/wp\/v2\/types\/post"}],"author":[{"embeddable":true,"href":"https:\/\/arroyitoonline.com.ar\/index.php?rest_route=\/wp\/v2\/users\/3"}],"replies":[{"embeddable":true,"href":"https:\/\/arroyitoonline.com.ar\/index.php?rest_route=%2Fwp%2Fv2%2Fcomments&post=8052"}],"version-history":[{"count":2,"href":"https:\/\/arroyitoonline.com.ar\/index.php?rest_route=\/wp\/v2\/posts\/8052\/revisions"}],"predecessor-version":[{"id":8063,"href":"https:\/\/arroyitoonline.com.ar\/index.php?rest_route=\/wp\/v2\/posts\/8052\/revisions\/8063"}],"wp:featuredmedia":[{"embeddable":true,"href":"https:\/\/arroyitoonline.com.ar\/index.php?rest_route=\/wp\/v2\/media\/8062"}],"wp:attachment":[{"href":"https:\/\/arroyitoonline.com.ar\/index.php?rest_route=%2Fwp%2Fv2%2Fmedia&parent=8052"}],"wp:term":[{"taxonomy":"category","embeddable":true,"href":"https:\/\/arroyitoonline.com.ar\/index.php?rest_route=%2Fwp%2Fv2%2Fcategories&post=8052"},{"taxonomy":"post_tag","embeddable":true,"href":"https:\/\/arroyitoonline.com.ar\/index.php?rest_route=%2Fwp%2Fv2%2Ftags&post=8052"}],"curies":[{"name":"wp","href":"https:\/\/api.w.org\/{rel}","templated":true}]}}