{"id":8064,"date":"2020-03-08T15:52:47","date_gmt":"2020-03-08T15:52:47","guid":{"rendered":"https:\/\/arroyitoonline.com.ar\/?p=8064"},"modified":"2020-03-10T04:04:06","modified_gmt":"2020-03-10T04:04:06","slug":"benedetti-reconocio-a-un-aleman-que-recorre-america-en-moto","status":"publish","type":"post","link":"https:\/\/arroyitoonline.com.ar\/?p=8064","title":{"rendered":"Benedetti reconoci\u00f3 a un alem\u00e1n que recorre Am\u00e9rica en moto"},"content":{"rendered":"\n<p><strong>Se trata de Marcus R\u00f6hrig, quien fue recibido por el mandatario, su equipo de gobierno y Moteros Arroyito C\u00f3rdoba, en el Parque Romero.<\/strong><\/p>\n\n\n\n<p>El pasado jueves 6 de marzo, el intendente Gustavo Benedetti reconoci\u00f3 a Marcus R\u00f6hrig,\u00a0ciudadano alem\u00e1n que se encuentra recorriendo el mundo en moto, desde hace dos a\u00f1os.<\/p>\n\n\n\n<p>Marcus R\u00f6hrig, que recibi\u00f3 una calurosa bienvenida por parte del mandatario y su equipo de gobierno, viene de regreso desde Ushuaia despu\u00e9s de un recorrido por toda Am\u00e9rica y se dirige a Uruguay, donde ya finalizar\u00e1 su aventura. \u00a0<br><\/p>\n\n\n\n<figure class=\"wp-block-image\"><img decoding=\"async\" src=\"http:\/\/www.municipioarroyito.gob.ar\/images\/sitio\/noticias\/inicio\/2020\/Marzo\/Moteros_Arroyito_C%C3%B3rdoba.jpeg\" alt=\"Noticia\"\/><figcaption><em>Benedetti, Marcus R\u00f6hrig y referentes de Moteros Arroyito C\u00f3rdoba<\/em><\/figcaption><\/figure>\n\n\n\n<p>En su patria, Marcus es de profesi\u00f3n mec\u00e1nico y fue honrado en Arroyito gracias a las gestiones de aquellos que comparten su misma pasi\u00f3n, las motos.<\/p>\n\n\n\n<p>Es as\u00ed que fue contactado por Moteros Arroyito C\u00f3rdoba, ante su llegada al Parque Romero de nuestra ciudad, quienes hicieron lo pertinente para que Benedetti lo recibiera con todos los honores.<\/p>\n\n\n\n<p>Fuente: Comunicaci\u00f3n y Protocolo del Gobierno Municipal. <\/p>\n","protected":false},"excerpt":{"rendered":"<p>Se trata de Marcus R\u00f6hrig, quien fue recibido por el mandatario, su equipo de gobierno y Moteros Arroyito C\u00f3rdoba, en&hellip;<\/p>\n","protected":false},"author":3,"featured_media":8065,"comment_status":"closed","ping_status":"open","sticky":false,"template":"","format":"standard","meta":{"footnotes":""},"categories":[829],"tags":[66,67,836,115,1102,968,1086,547,556,572],"class_list":["post-8064","post","type-post","status-publish","format-standard","has-post-thumbnail","hentry","category-municipales-online","tag-arroyito","tag-arroyito-cordoba","tag-arroyito-online","tag-benedetti","tag-gobierno-municipal","tag-gustavo-benedetti","tag-moto","tag-motos","tag-municipalidad-de-arroyito","tag-noticias-de-arroyito-y-zona"],"_links":{"self":[{"href":"https:\/\/arroyitoonline.com.ar\/index.php?rest_route=\/wp\/v2\/posts\/8064","targetHints":{"allow":["GET"]}}],"collection":[{"href":"https:\/\/arroyitoonline.com.ar\/index.php?rest_route=\/wp\/v2\/posts"}],"about":[{"href":"https:\/\/arroyitoonline.com.ar\/index.php?rest_route=\/wp\/v2\/types\/post"}],"author":[{"embeddable":true,"href":"https:\/\/arroyitoonline.com.ar\/index.php?rest_route=\/wp\/v2\/users\/3"}],"replies":[{"embeddable":true,"href":"https:\/\/arroyitoonline.com.ar\/index.php?rest_route=%2Fwp%2Fv2%2Fcomments&post=8064"}],"version-history":[{"count":1,"href":"https:\/\/arroyitoonline.com.ar\/index.php?rest_route=\/wp\/v2\/posts\/8064\/revisions"}],"predecessor-version":[{"id":8066,"href":"https:\/\/arroyitoonline.com.ar\/index.php?rest_route=\/wp\/v2\/posts\/8064\/revisions\/8066"}],"wp:featuredmedia":[{"embeddable":true,"href":"https:\/\/arroyitoonline.com.ar\/index.php?rest_route=\/wp\/v2\/media\/8065"}],"wp:attachment":[{"href":"https:\/\/arroyitoonline.com.ar\/index.php?rest_route=%2Fwp%2Fv2%2Fmedia&parent=8064"}],"wp:term":[{"taxonomy":"category","embeddable":true,"href":"https:\/\/arroyitoonline.com.ar\/index.php?rest_route=%2Fwp%2Fv2%2Fcategories&post=8064"},{"taxonomy":"post_tag","embeddable":true,"href":"https:\/\/arroyitoonline.com.ar\/index.php?rest_route=%2Fwp%2Fv2%2Ftags&post=8064"}],"curies":[{"name":"wp","href":"https:\/\/api.w.org\/{rel}","templated":true}]}}