{"id":8067,"date":"2020-03-10T11:56:52","date_gmt":"2020-03-10T11:56:52","guid":{"rendered":"https:\/\/arroyitoonline.com.ar\/?p=8067"},"modified":"2020-03-10T11:56:59","modified_gmt":"2020-03-10T11:56:59","slug":"100-personas-se-capacitaron-sobre-rcp-y-primeros-auxilios","status":"publish","type":"post","link":"https:\/\/arroyitoonline.com.ar\/?p=8067","title":{"rendered":"100 personas se capacitaron sobre RCP y Primeros Auxilios"},"content":{"rendered":"\n<p><strong>Fue un curso intensivo brindado por Bomberos Voluntarios y el hospital municipal. Este s\u00e1bado habr\u00e1 otra capacitaci\u00f3n al respecto, que incluir\u00e1 la tem\u00e1tica de Emergencias M\u00e9dicas 107.<\/strong><\/p>\n\n\n\n<p>En la ma\u00f1ana del s\u00e1bado 7 de marzo, el Hospital Municipal Carlos J. Rodr\u00edguez, en trabajo articulado con Asociaci\u00f3n Bomberos Voluntarios de Arroyito, brindaron una muy concurrida capacitaci\u00f3n sobre Reanimaci\u00f3n Cardio Pulmonar (RCP) y Primeros Auxilios.<\/p>\n\n\n\n<p>Con una gran convocatoria en el Teatrillo Municipal Jos\u00e9 Francisco Guarch se desarroll\u00f3 este necesario curso intensivo, para la comunidad urbana y rural de Arroyito y la zona, que cont\u00f3 con los abordajes te\u00f3rico y pr\u00e1ctico, durante cuatro horas. <\/p>\n\n\n\n<p>Fueron m\u00e1s de 100\u00a0los participantes que atendieron a las ense\u00f1anzas de Iv\u00e1n Pizzi, por parte del Cuerpo Activo de Bomberos, y de la directora M\u00e9dica del nosocomio, Melina Gallo, sobre proteger, avisar y socorrer (PAS) y el ABCDE de los Primeros Auxilios.<\/p>\n\n\n\n<figure class=\"wp-block-image\"><img loading=\"lazy\" decoding=\"async\" width=\"1024\" height=\"1024\" src=\"https:\/\/arroyitoonline.com.ar\/wp-content\/uploads\/2020\/03\/capacitaci\u00f3n-primeros-auxilios-1024x1024.jpg\" alt=\"\" class=\"wp-image-8069\" srcset=\"https:\/\/arroyitoonline.com.ar\/wp-content\/uploads\/2020\/03\/capacitaci\u00f3n-primeros-auxilios-1024x1024.jpg 1024w, https:\/\/arroyitoonline.com.ar\/wp-content\/uploads\/2020\/03\/capacitaci\u00f3n-primeros-auxilios-150x150.jpg 150w, https:\/\/arroyitoonline.com.ar\/wp-content\/uploads\/2020\/03\/capacitaci\u00f3n-primeros-auxilios-300x300.jpg 300w, https:\/\/arroyitoonline.com.ar\/wp-content\/uploads\/2020\/03\/capacitaci\u00f3n-primeros-auxilios-768x768.jpg 768w, https:\/\/arroyitoonline.com.ar\/wp-content\/uploads\/2020\/03\/capacitaci\u00f3n-primeros-auxilios.jpg 1181w\" sizes=\"auto, (max-width: 1024px) 100vw, 1024px\" \/><figcaption><em>Se viene otra capacitaci\u00f3n, que esta vez se incluir\u00e1 la tem\u00e1tica Emergencias M\u00e9dicas 107<\/em><\/figcaption><\/figure>\n\n\n\n<p>Para los que se quedaron afuera o no pudieron asistir en esta oportunidad, se realizar\u00e1 otra capacitaci\u00f3n, en este caso sobre Emergencias M\u00e9dicas 107, Primeros Auxilios y RCP, en el Centro Vecinal San Miguel, este s\u00e1bado 14 de marzo a las 9:00 horas. Las inscripciones est\u00e1n abiertas en el Polideportivo Municipal, de 8:00 a 12:00 horas.<\/p>\n\n\n\n<p>Fuente: Comunicaci\u00f3n y Protocolo del Gobierno Municipal. <\/p>\n","protected":false},"excerpt":{"rendered":"<p>Fue un curso intensivo brindado por Bomberos Voluntarios y el hospital municipal. Este s\u00e1bado habr\u00e1 otra capacitaci\u00f3n al respecto, que&hellip;<\/p>\n","protected":false},"author":3,"featured_media":8068,"comment_status":"closed","ping_status":"open","sticky":false,"template":"","format":"standard","meta":{"footnotes":""},"categories":[9],"tags":[66,67,836,153,426,555,556,572,1105,1082,706],"class_list":["post-8067","post","type-post","status-publish","format-standard","has-post-thumbnail","hentry","category-infosalud","tag-arroyito","tag-arroyito-cordoba","tag-arroyito-online","tag-capacitacion","tag-hospital","tag-municipalidad","tag-municipalidad-de-arroyito","tag-noticias-de-arroyito-y-zona","tag-primeros-auxilios","tag-rcp","tag-salud"],"_links":{"self":[{"href":"https:\/\/arroyitoonline.com.ar\/index.php?rest_route=\/wp\/v2\/posts\/8067","targetHints":{"allow":["GET"]}}],"collection":[{"href":"https:\/\/arroyitoonline.com.ar\/index.php?rest_route=\/wp\/v2\/posts"}],"about":[{"href":"https:\/\/arroyitoonline.com.ar\/index.php?rest_route=\/wp\/v2\/types\/post"}],"author":[{"embeddable":true,"href":"https:\/\/arroyitoonline.com.ar\/index.php?rest_route=\/wp\/v2\/users\/3"}],"replies":[{"embeddable":true,"href":"https:\/\/arroyitoonline.com.ar\/index.php?rest_route=%2Fwp%2Fv2%2Fcomments&post=8067"}],"version-history":[{"count":1,"href":"https:\/\/arroyitoonline.com.ar\/index.php?rest_route=\/wp\/v2\/posts\/8067\/revisions"}],"predecessor-version":[{"id":8070,"href":"https:\/\/arroyitoonline.com.ar\/index.php?rest_route=\/wp\/v2\/posts\/8067\/revisions\/8070"}],"wp:featuredmedia":[{"embeddable":true,"href":"https:\/\/arroyitoonline.com.ar\/index.php?rest_route=\/wp\/v2\/media\/8068"}],"wp:attachment":[{"href":"https:\/\/arroyitoonline.com.ar\/index.php?rest_route=%2Fwp%2Fv2%2Fmedia&parent=8067"}],"wp:term":[{"taxonomy":"category","embeddable":true,"href":"https:\/\/arroyitoonline.com.ar\/index.php?rest_route=%2Fwp%2Fv2%2Fcategories&post=8067"},{"taxonomy":"post_tag","embeddable":true,"href":"https:\/\/arroyitoonline.com.ar\/index.php?rest_route=%2Fwp%2Fv2%2Ftags&post=8067"}],"curies":[{"name":"wp","href":"https:\/\/api.w.org\/{rel}","templated":true}]}}