{"id":8073,"date":"2020-03-10T12:12:11","date_gmt":"2020-03-10T12:12:11","guid":{"rendered":"https:\/\/arroyitoonline.com.ar\/?p=8073"},"modified":"2020-03-10T12:12:15","modified_gmt":"2020-03-10T12:12:15","slug":"se-abren-las-inscripciones-para-la-conformacion-del-consejo-de-ninos-y-ninas-arroyito","status":"publish","type":"post","link":"https:\/\/arroyitoonline.com.ar\/?p=8073","title":{"rendered":"Se abren las inscripciones para la conformaci\u00f3n del Consejo de Ni\u00f1os y Ni\u00f1as Arroyito"},"content":{"rendered":"\n<p><strong>En ese encuentro se defini\u00f3 que este ente dar\u00e1 inicio a sus actividades el s\u00e1bado 28 de marzo.<\/strong><\/p>\n\n\n\n<p>D\u00edas pasados, la coordinadora de Equidad y Asistencia a las Mujeres, Ni\u00f1ez, Adolescencia y Familia del Gobierno Municipal, psic\u00f3loga Paola Trasmontana, y la responsable del Programa <em>\u201cArroyito Ciudad Amiga de Ni\u00f1as, Ni\u00f1os y Adolescentes\u201d<\/em>, Mariana Italiano, junto a dos voluntarias, tuvieron la primera reuni\u00f3n de coordinaci\u00f3n para la puesta en marcha del Consejo de Ni\u00f1os y Ni\u00f1as Arroyito.<\/p>\n\n\n\n<p>En ese encuentro se defini\u00f3 que este ente dar\u00e1 inicio a sus actividades el s\u00e1bado 28 de marzo a las 10:00 horas, en el edificio ubicado sobre la calle Lavalle, entre las avenidas Fulvio S. Pagani y Dalle Mura.<\/p>\n\n\n\n<p>Por ello se convoca a ni\u00f1as y ni\u00f1os de entre 10 y 11 a\u00f1os para que participen. Las inscripciones estar\u00e1n abiertas desde el lunes 16 al viernes 20 de marzo, de 8:00 a 12:00 horas, en Belgrano 1020, con cupos limitados.<\/p>\n\n\n\n<p>El Consejo de Ni\u00f1os es un espacio de participaci\u00f3n y escucha con el que el Gobierno Municipal cuenta para el desarrollo de pol\u00edticas y programas tendientes al bienestar de los m\u00e1s peque\u00f1os.<\/p>\n\n\n\n<p>Fuente: Comunicaci\u00f3n y Protocolo del Gobierno Municipal. <\/p>\n","protected":false},"excerpt":{"rendered":"<p>En ese encuentro se defini\u00f3 que este ente dar\u00e1 inicio a sus actividades el s\u00e1bado 28 de marzo. D\u00edas pasados,&hellip;<\/p>\n","protected":false},"author":3,"featured_media":8074,"comment_status":"closed","ping_status":"open","sticky":false,"template":"","format":"standard","meta":{"footnotes":""},"categories":[962],"tags":[31,66,67,836,233,570,572],"class_list":["post-8073","post","type-post","status-publish","format-standard","has-post-thumbnail","hentry","category-ninez-y-adolescencia","tag-adolescentes","tag-arroyito","tag-arroyito-cordoba","tag-arroyito-online","tag-consejo-de-ninos","tag-ninez","tag-noticias-de-arroyito-y-zona"],"_links":{"self":[{"href":"https:\/\/arroyitoonline.com.ar\/index.php?rest_route=\/wp\/v2\/posts\/8073","targetHints":{"allow":["GET"]}}],"collection":[{"href":"https:\/\/arroyitoonline.com.ar\/index.php?rest_route=\/wp\/v2\/posts"}],"about":[{"href":"https:\/\/arroyitoonline.com.ar\/index.php?rest_route=\/wp\/v2\/types\/post"}],"author":[{"embeddable":true,"href":"https:\/\/arroyitoonline.com.ar\/index.php?rest_route=\/wp\/v2\/users\/3"}],"replies":[{"embeddable":true,"href":"https:\/\/arroyitoonline.com.ar\/index.php?rest_route=%2Fwp%2Fv2%2Fcomments&post=8073"}],"version-history":[{"count":1,"href":"https:\/\/arroyitoonline.com.ar\/index.php?rest_route=\/wp\/v2\/posts\/8073\/revisions"}],"predecessor-version":[{"id":8075,"href":"https:\/\/arroyitoonline.com.ar\/index.php?rest_route=\/wp\/v2\/posts\/8073\/revisions\/8075"}],"wp:featuredmedia":[{"embeddable":true,"href":"https:\/\/arroyitoonline.com.ar\/index.php?rest_route=\/wp\/v2\/media\/8074"}],"wp:attachment":[{"href":"https:\/\/arroyitoonline.com.ar\/index.php?rest_route=%2Fwp%2Fv2%2Fmedia&parent=8073"}],"wp:term":[{"taxonomy":"category","embeddable":true,"href":"https:\/\/arroyitoonline.com.ar\/index.php?rest_route=%2Fwp%2Fv2%2Fcategories&post=8073"},{"taxonomy":"post_tag","embeddable":true,"href":"https:\/\/arroyitoonline.com.ar\/index.php?rest_route=%2Fwp%2Fv2%2Ftags&post=8073"}],"curies":[{"name":"wp","href":"https:\/\/api.w.org\/{rel}","templated":true}]}}