{"id":8082,"date":"2020-03-10T13:13:53","date_gmt":"2020-03-10T13:13:53","guid":{"rendered":"https:\/\/arroyitoonline.com.ar\/?p=8082"},"modified":"2020-03-10T13:13:57","modified_gmt":"2020-03-10T13:13:57","slug":"bomberos-voluntarios-y-el-gobierno-municipal-trabajaran-en-la-prevencion-de-la-violencia-de-genero","status":"publish","type":"post","link":"https:\/\/arroyitoonline.com.ar\/?p=8082","title":{"rendered":"Bomberos Voluntarios y el Gobierno Municipal trabajar\u00e1n en la prevenci\u00f3n de la violencia de g\u00e9nero"},"content":{"rendered":"\n<p><strong>Por pedido de la asociaci\u00f3n, la gesti\u00f3n encabezada por Benedetti puso en marcha a todo el equipo del Consejo de las Mujeres, para la realizaci\u00f3n de una capacitaci\u00f3n.<\/strong><\/p>\n\n\n\n<p>D\u00edas pasados, el intendente Gustavo Benedetti, la viceintendenta Mar\u00eda Jos\u00e9 Esp\u00f3sito, autoridades del Ejecutivo Municipal e integrantes del Consejo de las Mujeres recibieron a miembros de la Asociaci\u00f3n Bomberos Voluntarios Arroyito.<\/p>\n\n\n\n<p>Por pedido de Bomberos, el Ejecutivo Municipal puso en marcha a todo el equipo del Consejo de las Mujeres para la realizaci\u00f3n de una gran capacitaci\u00f3n sobre Prevenci\u00f3n de la Violencia de G\u00e9nero en esta instituci\u00f3n local. <\/p>\n\n\n\n<p>Demostrando gran inter\u00e9s en las actividades que viene realizando el Consejo de la Mujeres y, por un justo compromiso con las tareas de prevenci\u00f3n,\u00a0 la Asociaci\u00f3n Bomberos Voluntarios Arroyito y el Gobierno Municipal, se han puesto a disposici\u00f3n para futuras intervenciones sobre la tem\u00e1tica.<\/p>\n\n\n\n<p>Fuente: Comunicaci\u00f3n y Protocolo del Gobierno Municipal.<\/p>\n\n\n\n<p><br>El Intendente Gustavo Benedetti, en representaci\u00f3n de todo el equipo del Gobierno Municipal,&nbsp;&nbsp; reafirma su compromiso de trabajar con cada Instituci\u00f3n local para la mejora conjunta de la comunidad y de los vecinos.<\/p>\n","protected":false},"excerpt":{"rendered":"<p>Por pedido de la asociaci\u00f3n, la gesti\u00f3n encabezada por Benedetti puso en marcha a todo el equipo del Consejo de&hellip;<\/p>\n","protected":false},"author":3,"featured_media":8083,"comment_status":"closed","ping_status":"open","sticky":false,"template":"","format":"standard","meta":{"footnotes":""},"categories":[877],"tags":[66,67,836,127,128,129,232,1102,878,572,809],"class_list":["post-8082","post","type-post","status-publish","format-standard","has-post-thumbnail","hentry","category-noti-mujer-online","tag-arroyito","tag-arroyito-cordoba","tag-arroyito-online","tag-bomberos-arroyito","tag-bomberos-de-arroyito","tag-bomberos-voluntarios","tag-consejo-de-la-mujer","tag-gobierno-municipal","tag-noti-mujer-online","tag-noticias-de-arroyito-y-zona","tag-violencia-de-genero"],"_links":{"self":[{"href":"https:\/\/arroyitoonline.com.ar\/index.php?rest_route=\/wp\/v2\/posts\/8082","targetHints":{"allow":["GET"]}}],"collection":[{"href":"https:\/\/arroyitoonline.com.ar\/index.php?rest_route=\/wp\/v2\/posts"}],"about":[{"href":"https:\/\/arroyitoonline.com.ar\/index.php?rest_route=\/wp\/v2\/types\/post"}],"author":[{"embeddable":true,"href":"https:\/\/arroyitoonline.com.ar\/index.php?rest_route=\/wp\/v2\/users\/3"}],"replies":[{"embeddable":true,"href":"https:\/\/arroyitoonline.com.ar\/index.php?rest_route=%2Fwp%2Fv2%2Fcomments&post=8082"}],"version-history":[{"count":1,"href":"https:\/\/arroyitoonline.com.ar\/index.php?rest_route=\/wp\/v2\/posts\/8082\/revisions"}],"predecessor-version":[{"id":8084,"href":"https:\/\/arroyitoonline.com.ar\/index.php?rest_route=\/wp\/v2\/posts\/8082\/revisions\/8084"}],"wp:featuredmedia":[{"embeddable":true,"href":"https:\/\/arroyitoonline.com.ar\/index.php?rest_route=\/wp\/v2\/media\/8083"}],"wp:attachment":[{"href":"https:\/\/arroyitoonline.com.ar\/index.php?rest_route=%2Fwp%2Fv2%2Fmedia&parent=8082"}],"wp:term":[{"taxonomy":"category","embeddable":true,"href":"https:\/\/arroyitoonline.com.ar\/index.php?rest_route=%2Fwp%2Fv2%2Fcategories&post=8082"},{"taxonomy":"post_tag","embeddable":true,"href":"https:\/\/arroyitoonline.com.ar\/index.php?rest_route=%2Fwp%2Fv2%2Ftags&post=8082"}],"curies":[{"name":"wp","href":"https:\/\/api.w.org\/{rel}","templated":true}]}}