{"id":8100,"date":"2020-03-12T14:47:23","date_gmt":"2020-03-12T14:47:23","guid":{"rendered":"https:\/\/arroyitoonline.com.ar\/?p=8100"},"modified":"2020-03-12T14:47:27","modified_gmt":"2020-03-12T14:47:27","slug":"el-gobierno-municipal-reconocio-a-mujeres-destacadas-2020","status":"publish","type":"post","link":"https:\/\/arroyitoonline.com.ar\/?p=8100","title":{"rendered":"El Gobierno Municipal reconoci\u00f3 a Mujeres Destacadas 2020"},"content":{"rendered":"\n<p><strong>Fue en el marco de la conmemoraci\u00f3n del D\u00eda Internacional de la Mujer. Fueron nominadas por instituciones y son de la ciudad y sus parajes.<\/strong><\/p>\n\n\n\n<p>El pasado domingo 8 de marzo, conmemorando el D\u00eda Internacional de la Mujer, el Gobierno Municipal realiz\u00f3 un reconocimiento a Mujeres Destacadas de Arroyito, La Curva y El Fuertecito.<\/p>\n\n\n\n<p>La velada cont\u00f3 tambi\u00e9n con diferentes propuestas art\u00edsticas como la intervenci\u00f3n de poes\u00eda y m\u00fasica de la mano de Laura Berardo y Mat\u00edas Gonz\u00e1lez, el show musical de Fran Silva, el despliegue art\u00edstico de nuestro Ballet Municipal y el ensamble de la Banda de la Polic\u00eda de C\u00f3rdoba.<\/p>\n\n\n\n<p>Adem\u00e1s, diferentes instituciones realizaron sus nominaciones, considerando, para esta selecci\u00f3n, la dedicaci\u00f3n y el compromiso de cada una de estas mujeres en relaci\u00f3n a estas entidades y su repercusi\u00f3n en nuestra comunidad.<\/p>\n\n\n\n<p>De esta manera, las galardonadas como Mujeres Destacadas del a\u00f1o 2020 fueron:<\/p>\n\n\n\n<p>Sof\u00eda Budassi, por la Asociaci\u00f3n de Bomberos Voluntarios de Arroyito.<br>Mar\u00eda del Carmen Almada y Margarita Rosa Ferreyra , por el Ejecutivo Municipal.<br>Iris Ju\u00e1rez de Bravo, por la Parroquia Nuestra Se\u00f1ora de la Merced.<br>Juana Cabrera, por la Comisi\u00f3n Directiva del Centro Vecinal Xanaes.<br>Mar\u00eda del Valle Bertone, por el Centro Vecinal La Curva.<br>Beatriz Peralta de R\u00e9, por la Iglesia Cristiana Evang\u00e9lica.<br>Paola Gallar\u00e1, por el Centro de Estimulaci\u00f3n Renacer.<br>Teresita Vargas de Gutierrez, por el Centro Vecinal Nicol\u00e1s Batalla.<br>Elida Rosa Castelari de Gallar\u00e1, por la Comisi\u00f3n del Club de Abuelos.<br>Stella Maris Mangini, por las autoridades de la Sede de Inspecci\u00f3n 2320.<br>Patricia Bosio, por la Asociaci\u00f3n Civil Coraz\u00f3n de Trapo.<br>Laura Ferreyra de Orellano, por Padres en Acci\u00f3n.<br>Silvia Iba\u00f1ez, por el Ejecutivo Municipal.<\/p>\n\n\n\n<p>Desde el Gobierno Municipal agradecieron<em> &#8220;a cada una de ellas y honramos a todas las mujeres de Arroyito, La Curva y El Fuertecito por la labor que llevan adelante en nuestra comunidad&#8221;<\/em>.<\/p>\n\n\n\n<p>Fuente: Comunicaci\u00f3n y Protocolo del Gobierno Municipal. <\/p>\n","protected":false},"excerpt":{"rendered":"<p>Fue en el marco de la conmemoraci\u00f3n del D\u00eda Internacional de la Mujer. Fueron nominadas por instituciones y son de&hellip;<\/p>\n","protected":false},"author":3,"featured_media":8101,"comment_status":"closed","ping_status":"open","sticky":false,"template":"","format":"standard","meta":{"footnotes":""},"categories":[877],"tags":[66,67,836,550,551,878,572],"class_list":["post-8100","post","type-post","status-publish","format-standard","has-post-thumbnail","hentry","category-noti-mujer-online","tag-arroyito","tag-arroyito-cordoba","tag-arroyito-online","tag-mujeres","tag-mujeres-arroyito","tag-noti-mujer-online","tag-noticias-de-arroyito-y-zona"],"_links":{"self":[{"href":"https:\/\/arroyitoonline.com.ar\/index.php?rest_route=\/wp\/v2\/posts\/8100","targetHints":{"allow":["GET"]}}],"collection":[{"href":"https:\/\/arroyitoonline.com.ar\/index.php?rest_route=\/wp\/v2\/posts"}],"about":[{"href":"https:\/\/arroyitoonline.com.ar\/index.php?rest_route=\/wp\/v2\/types\/post"}],"author":[{"embeddable":true,"href":"https:\/\/arroyitoonline.com.ar\/index.php?rest_route=\/wp\/v2\/users\/3"}],"replies":[{"embeddable":true,"href":"https:\/\/arroyitoonline.com.ar\/index.php?rest_route=%2Fwp%2Fv2%2Fcomments&post=8100"}],"version-history":[{"count":1,"href":"https:\/\/arroyitoonline.com.ar\/index.php?rest_route=\/wp\/v2\/posts\/8100\/revisions"}],"predecessor-version":[{"id":8102,"href":"https:\/\/arroyitoonline.com.ar\/index.php?rest_route=\/wp\/v2\/posts\/8100\/revisions\/8102"}],"wp:featuredmedia":[{"embeddable":true,"href":"https:\/\/arroyitoonline.com.ar\/index.php?rest_route=\/wp\/v2\/media\/8101"}],"wp:attachment":[{"href":"https:\/\/arroyitoonline.com.ar\/index.php?rest_route=%2Fwp%2Fv2%2Fmedia&parent=8100"}],"wp:term":[{"taxonomy":"category","embeddable":true,"href":"https:\/\/arroyitoonline.com.ar\/index.php?rest_route=%2Fwp%2Fv2%2Fcategories&post=8100"},{"taxonomy":"post_tag","embeddable":true,"href":"https:\/\/arroyitoonline.com.ar\/index.php?rest_route=%2Fwp%2Fv2%2Ftags&post=8100"}],"curies":[{"name":"wp","href":"https:\/\/api.w.org\/{rel}","templated":true}]}}