{"id":8103,"date":"2020-03-13T12:17:31","date_gmt":"2020-03-13T12:17:31","guid":{"rendered":"https:\/\/arroyitoonline.com.ar\/?p=8103"},"modified":"2020-03-13T12:17:33","modified_gmt":"2020-03-13T12:17:33","slug":"dictaran-catequesis-en-los-centros-vecinales","status":"publish","type":"post","link":"https:\/\/arroyitoonline.com.ar\/?p=8103","title":{"rendered":"Dictar\u00e1n Catequesis en los centros vecinales"},"content":{"rendered":"\n<p><strong>Esta actividad se brindar\u00e1 en los centros vecinales Enrique Brizio, Nicol\u00e1s Batalla, San Miguel, Tom\u00e1s Ciancia y Xanaes.<\/strong><\/p>\n\n\n\n<p>Se dictar\u00e1 Catequesis en los diferentes centros vecinales logrando que se descentralice esta actividad, llegando a los distintos barrios de Arroyito.<\/p>\n\n\n\n<p>\u2022\u00a0\u00a0 \u00a0<strong>Centro Vecinal Enrique Brizio<\/strong><br>Primer a\u00f1o:<br>Los d\u00edas jueves y viernes con turno ma\u00f1ana, de 9:00 a 11:30, y turno tarde, de 14:00 a 16:30 horas.<br>Segundo a\u00f1o:<br>Los d\u00edas martes y mi\u00e9rcoles con turno ma\u00f1ana, de 9:00 a 11:30, y turno tarde, de 14:00 a 16:30 horas.<\/p>\n\n\n\n<figure class=\"wp-block-image\"><img decoding=\"async\" src=\"http:\/\/www.municipioarroyito.gob.ar\/images\/sitio\/noticias\/inicio\/2020\/Marzo\/horarioscatequesis1.jpeg\" alt=\"Noticia\"\/><figcaption><em>Los horarios de Catequesis en el Centro Vecinal Enrique Brizio<\/em><\/figcaption><\/figure>\n\n\n\n<p>\u2022\u00a0\u00a0 \u00a0<strong>Centro Vecinal Nicol\u00e1s Batalla<\/strong><br>Primer a\u00f1o:<br>Los d\u00edas jueves y viernes con turno ma\u00f1ana, de 9:00 a 11.30, y turno tarde, de 14:00 a 17:00 horas.<br>Segundo a\u00f1o:<br>Los d\u00edas lunes, martes y mi\u00e9rcoles con turno ma\u00f1ana, de 9:00 a 11:30, y turno tarde, de 14:00 a 17:00 horas.<\/p>\n\n\n\n<figure class=\"wp-block-image\"><img decoding=\"async\" src=\"http:\/\/www.municipioarroyito.gob.ar\/images\/sitio\/noticias\/inicio\/2020\/Marzo\/horarioscatequesis2.jpeg\" alt=\"Noticia\"\/><figcaption><em>Los horarios de Catequesis en el Centro Vecinal Nicol\u00e1s Batalla<\/em><\/figcaption><\/figure>\n\n\n\n<p>\u2022\u00a0\u00a0 \u00a0<strong>Centro Vecinal San Miguel<\/strong><br>Primer a\u00f1o:<br>Los d\u00edas jueves y viernes con turno ma\u00f1ana, de 9:00 a 11:30, y turno tarde, de 14:00 horas a 16:30 horas.<\/p>\n\n\n\n<figure class=\"wp-block-image\"><img decoding=\"async\" src=\"http:\/\/www.municipioarroyito.gob.ar\/images\/sitio\/noticias\/inicio\/2020\/Marzo\/horarioscatequesis3.jpeg\" alt=\"Noticia\"\/><figcaption><em>Los horarios de Catequesis del Centro Vecinal San Miguel<\/em><\/figcaption><\/figure>\n\n\n\n<p>\u2022\u00a0\u00a0 \u00a0<strong>Centro Vecinal Tom\u00e1s Ciancia<\/strong><br>Primer a\u00f1o:<br>Los d\u00edas jueves y viernes con turno ma\u00f1ana, de 9:00 a 11:30, y turno tarde, de 14:00 a 16:30 horas.<br>Segundo a\u00f1o:<br>Los d\u00edas martes y mi\u00e9rcoles con turno ma\u00f1ana, de 9:00 a 11:30, y turno tarde, de 14:00 a 16:30 horas.<\/p>\n\n\n\n<figure class=\"wp-block-image\"><img decoding=\"async\" src=\"http:\/\/www.municipioarroyito.gob.ar\/images\/sitio\/noticias\/inicio\/2020\/Marzo\/horarioscatequesis4.jpeg\" alt=\"Noticia\"\/><\/figure>\n\n\n\n<p>\u2022\u00a0\u00a0 \u00a0<strong>Centro Vecinal Xanaes<\/strong><br>Primer a\u00f1o:<br>El jueves con turno ma\u00f1ana, de 9:00 a 11:30, y turno tarde, de 14:00 a 16:30 horas.<br>El viernes con turno ma\u00f1ana, de 9:00 a 11:30, y turno tarde, de 14:00 a 15:30 horas.<br>Segundo a\u00f1o:<br>El martes con turno ma\u00f1ana, de 9:00 a 10:30, y turno tarde, de 14:00 a 15:30 horas.<br>El mi\u00e9rcoles solo con turno ma\u00f1ana, de 9:00 a 10:30 horas.<\/p>\n\n\n\n<figure class=\"wp-block-image\"><img decoding=\"async\" src=\"http:\/\/www.municipioarroyito.gob.ar\/images\/sitio\/noticias\/inicio\/2020\/Marzo\/horarioscatequesis5.jpeg\" alt=\"Noticia\"\/><\/figure>\n\n\n\n<p>La foto es a modo ilustrativo.<\/p>\n\n\n\n<p>Fuente: Comunicaci\u00f3n y Protocolo del Gobierno Municipal. <\/p>\n","protected":false},"excerpt":{"rendered":"<p>Esta actividad se brindar\u00e1 en los centros vecinales Enrique Brizio, Nicol\u00e1s Batalla, San Miguel, Tom\u00e1s Ciancia y Xanaes. Se dictar\u00e1&hellip;<\/p>\n","protected":false},"author":3,"featured_media":8104,"comment_status":"closed","ping_status":"open","sticky":false,"template":"","format":"standard","meta":{"footnotes":""},"categories":[935],"tags":[66,67,836,177,178,179,1109,180,181,572,681],"class_list":["post-8103","post","type-post","status-publish","format-standard","has-post-thumbnail","hentry","category-religion","tag-arroyito","tag-arroyito-cordoba","tag-arroyito-online","tag-centro-vecinal-enrique-brizio","tag-centro-vecinal-nicolas-batalla","tag-centro-vecinal-san-miguel","tag-centro-vecinal-tomas-ciancia","tag-centro-vecinal-xanaes","tag-centros-vecinales","tag-noticias-de-arroyito-y-zona","tag-religion"],"_links":{"self":[{"href":"https:\/\/arroyitoonline.com.ar\/index.php?rest_route=\/wp\/v2\/posts\/8103","targetHints":{"allow":["GET"]}}],"collection":[{"href":"https:\/\/arroyitoonline.com.ar\/index.php?rest_route=\/wp\/v2\/posts"}],"about":[{"href":"https:\/\/arroyitoonline.com.ar\/index.php?rest_route=\/wp\/v2\/types\/post"}],"author":[{"embeddable":true,"href":"https:\/\/arroyitoonline.com.ar\/index.php?rest_route=\/wp\/v2\/users\/3"}],"replies":[{"embeddable":true,"href":"https:\/\/arroyitoonline.com.ar\/index.php?rest_route=%2Fwp%2Fv2%2Fcomments&post=8103"}],"version-history":[{"count":4,"href":"https:\/\/arroyitoonline.com.ar\/index.php?rest_route=\/wp\/v2\/posts\/8103\/revisions"}],"predecessor-version":[{"id":8114,"href":"https:\/\/arroyitoonline.com.ar\/index.php?rest_route=\/wp\/v2\/posts\/8103\/revisions\/8114"}],"wp:featuredmedia":[{"embeddable":true,"href":"https:\/\/arroyitoonline.com.ar\/index.php?rest_route=\/wp\/v2\/media\/8104"}],"wp:attachment":[{"href":"https:\/\/arroyitoonline.com.ar\/index.php?rest_route=%2Fwp%2Fv2%2Fmedia&parent=8103"}],"wp:term":[{"taxonomy":"category","embeddable":true,"href":"https:\/\/arroyitoonline.com.ar\/index.php?rest_route=%2Fwp%2Fv2%2Fcategories&post=8103"},{"taxonomy":"post_tag","embeddable":true,"href":"https:\/\/arroyitoonline.com.ar\/index.php?rest_route=%2Fwp%2Fv2%2Ftags&post=8103"}],"curies":[{"name":"wp","href":"https:\/\/api.w.org\/{rel}","templated":true}]}}