{"id":8116,"date":"2020-03-13T14:35:46","date_gmt":"2020-03-13T14:35:46","guid":{"rendered":"https:\/\/arroyitoonline.com.ar\/?p=8116"},"modified":"2020-03-13T14:35:47","modified_gmt":"2020-03-13T14:35:47","slug":"el-gobierno-municipal-comunico-medidas-preventivas-de-virus-respiratorios","status":"publish","type":"post","link":"https:\/\/arroyitoonline.com.ar\/?p=8116","title":{"rendered":"El Gobierno Municipal comunic\u00f3 medidas preventivas de virus respiratorios"},"content":{"rendered":"\n<p><strong>Ante la situaci\u00f3n epidemiol\u00f3gica actual, solicitan a la poblaci\u00f3n que se implementen algunas acciones. <\/strong><\/p>\n\n\n\n<p>El Ministerio de Salud del Gobierno de la Provincia de C\u00f3rdoba informa y solicita a la poblaci\u00f3n la adopci\u00f3n de medidas preventivas.<\/p>\n\n\n\n<p>\u2022\u00a0\u00a0 \u00a0Son consejos para la prevenci\u00f3n de virus respiratorios, inclusive coronavirus.<br>\u2022\u00a0\u00a0 \u00a0Las \u00e1reas de transmisi\u00f3n sostenida son Italia, Espa\u00f1a, Francia y Alemania, adem\u00e1s de China, Jap\u00f3n, Corea del Sur e Ir\u00e1n.<\/p>\n\n\n\n<p>Ante la situaci\u00f3n epidemiol\u00f3gica actual (COVID -19), Argentina y la provincia de C\u00f3rdoba contin\u00faan en fase de contenci\u00f3n y trabajan seg\u00fan protocolo de respuesta en funci\u00f3n de la enfermedad, que es din\u00e1mica y se eval\u00faa en forma permanente para la implementaci\u00f3n de las acciones planificadas ante cada escenario.<\/p>\n\n\n\n<p>A la fecha, las \u00e1reas de transmisi\u00f3n sostenida son Italia, Espa\u00f1a, Francia y Alemania, adem\u00e1s de China, Jap\u00f3n, Corea del Sur e Ir\u00e1n.<\/p>\n\n\n\n<p>Las recomendaciones vigentes son las siguientes:<br><strong>Para escuelas<\/strong><br>\u2022\u00a0\u00a0 \u00a0Continuar con el ciclo escolar establecido.<br>\u2022\u00a0\u00a0 \u00a0Reforzar las recomendaciones de prevenci\u00f3n de infecciones respiratorias:<br>\u2022\u00a0\u00a0 \u00a0Lavado de manos frecuente con agua y jab\u00f3n; o cubrirse la nariz y la boca con el pliegue codo o usar un pa\u00f1uelo descartable al toser o estornudar; ventilar los ambientes;<br>\u2022\u00a0\u00a0 \u00a0Limpiar de modo frecuente, las superficies y los objetos que se usan seguido.<br>\u2022\u00a0\u00a0 \u00a0Ante la presencia de fiebre y s\u00edntomas respiratorios (tos, dolor de garganta o dificultad para respirar) se recomienda no asistir al establecimiento escolar.<br>\u2022\u00a0\u00a0 \u00a0En caso de ni\u00f1os o ni\u00f1as o personal del establecimiento, que regresen de viaje desde \u00e1reas con transmisi\u00f3n de coronavirus, aunque no presenten s\u00edntomas, se sugiere que permanezcan en el domicilio evitando el contacto social por 14 d\u00edas.<\/p>\n\n\n\n<p>Para personas que ingresen al pa\u00eds, provenientes de zonas con transmisi\u00f3n de coronavirus.<br>\u2022\u00a0\u00a0 \u00a0Reforzar las recomendaciones de prevenci\u00f3n de infecciones respiratorias:<br>\u2022\u00a0\u00a0 \u00a0Lavado de manos frecuente con agua y jab\u00f3n; o cubrirse la nariz y la boca con el pliegue codo; ventilar los ambientes; limpiar de modo frecuente, las superficies y los objetos que se usan a menudo.<br>\u2022\u00a0\u00a0 \u00a0Se sugiere permanecer en el domicilio y no concurrir a lugares p\u00fablicos como \u00e1mbitos laborales, recreativos, deportivos, sociales, durante 14 d\u00edas.<br>\u2022\u00a0\u00a0 \u00a0Consulta inmediata ante la presencia de fiebre y s\u00edntomas respiratorios (tos, dolor de garganta o dificultad respiratoria), no auto medicarse, no subestimar ninguna manifestaci\u00f3n cl\u00ednica, seguir las recomendaciones de la jurisdicci\u00f3n en la que reside en relaci\u00f3n con la modalidad de consulta. Se recomienda que sea a trav\u00e9s de la atenci\u00f3n a telef\u00f3nica para la disminuci\u00f3n del riesgo y la organizaci\u00f3n de la consulta posterior.<\/p>\n\n\n\n<p>Participaci\u00f3n en eventos masivos:<br>\u2022\u00a0\u00a0 \u00a0En esta etapa, en la que no hay evidencia de transmisi\u00f3n sostenida de SARS-COV-2, no se recomienda la suspensi\u00f3n de eventos.<br>\u2022\u00a0\u00a0 \u00a0Para aquellos eventos con participantes internacionales, se evaluar\u00e1 la conducta a seguir con los participantes provenientes de zonas con transmisi\u00f3n de coronavirus.<\/p>\n\n\n\n<p>Recomendaciones para personas mayores (65 a\u00f1os o m\u00e1s)<br>\u2022\u00a0\u00a0 \u00a0Reforzar las recomendaciones de prevenci\u00f3n de infecciones respiratorias:<br>\u2022\u00a0\u00a0 \u00a0Lavado de manos frecuente con agua y jab\u00f3n; cubrirse la nariz y la boca con el pliegue codo o usar un pa\u00f1uelo descartable al toser o estornudar; ventilar los ambientes; limpiar de modo frecuente, las superficies y los objetos que se usan a menudo, minimizar las actividades sociales, sobre todo en lugares cerrados con concurrencia importante de personas.<br>\u2022\u00a0\u00a0 \u00a0Consulta inmediata ante la presencia de fiebre y s\u00edntomas respiratorios (tos, dolor de garganta o dificultad respiratoria), no auto medicarse, no subestimar ninguna manifestaci\u00f3n cl\u00ednica, seguir las recomendaciones de la jurisdicci\u00f3n en la que reside en relaci\u00f3n con la modalidad de consulta. Se recomienda que sea a trav\u00e9s de la atenci\u00f3n telef\u00f3nica para la disminuci\u00f3n del riesgo y la organizaci\u00f3n de la consulta posterior.<br>\u2022\u00a0\u00a0 \u00a0Recibir la vacuna antigripal y el esquema secuencial contra el neumococo seg\u00fan recomendaciones nacionales.<br>\u2022\u00a0\u00a0 \u00a0En caso de ser posible, postergar viaje a \u00e1reas de transmisi\u00f3n de coronavirus.<\/p>\n\n\n\n<p>En el caso de personas residentes en instituciones para personas mayores, se recomienda que eviten las visitas de quienes tengan s\u00edntomas respiratorios y aquellos que hayan estado en\u00a0 lugares de transmisi\u00f3n viral, en los \u00faltimos 14 d\u00edas.<\/p>\n\n\n\n<p>Fuente: Comunicaci\u00f3n y Protocolo del Gobierno Municipal. <\/p>\n\n\n\n<p>Imagen solo a modo ilustrativo.<\/p>\n","protected":false},"excerpt":{"rendered":"<p>Ante la situaci\u00f3n epidemiol\u00f3gica actual, solicitan a la poblaci\u00f3n que se implementen algunas acciones. El Ministerio de Salud del Gobierno&hellip;<\/p>\n","protected":false},"author":3,"featured_media":8127,"comment_status":"closed","ping_status":"open","sticky":false,"template":"","format":"standard","meta":{"footnotes":""},"categories":[9],"tags":[66,67,836,1108,404,405,1102,857,572,650,706],"class_list":["post-8116","post","type-post","status-publish","format-standard","has-post-thumbnail","hentry","category-infosalud","tag-arroyito","tag-arroyito-cordoba","tag-arroyito-online","tag-coronavirus","tag-gobierno-de-cordoba","tag-gobierno-de-la-provincia","tag-gobierno-municipal","tag-gobierno-nacional","tag-noticias-de-arroyito-y-zona","tag-prevencion","tag-salud"],"_links":{"self":[{"href":"https:\/\/arroyitoonline.com.ar\/index.php?rest_route=\/wp\/v2\/posts\/8116","targetHints":{"allow":["GET"]}}],"collection":[{"href":"https:\/\/arroyitoonline.com.ar\/index.php?rest_route=\/wp\/v2\/posts"}],"about":[{"href":"https:\/\/arroyitoonline.com.ar\/index.php?rest_route=\/wp\/v2\/types\/post"}],"author":[{"embeddable":true,"href":"https:\/\/arroyitoonline.com.ar\/index.php?rest_route=\/wp\/v2\/users\/3"}],"replies":[{"embeddable":true,"href":"https:\/\/arroyitoonline.com.ar\/index.php?rest_route=%2Fwp%2Fv2%2Fcomments&post=8116"}],"version-history":[{"count":1,"href":"https:\/\/arroyitoonline.com.ar\/index.php?rest_route=\/wp\/v2\/posts\/8116\/revisions"}],"predecessor-version":[{"id":8128,"href":"https:\/\/arroyitoonline.com.ar\/index.php?rest_route=\/wp\/v2\/posts\/8116\/revisions\/8128"}],"wp:featuredmedia":[{"embeddable":true,"href":"https:\/\/arroyitoonline.com.ar\/index.php?rest_route=\/wp\/v2\/media\/8127"}],"wp:attachment":[{"href":"https:\/\/arroyitoonline.com.ar\/index.php?rest_route=%2Fwp%2Fv2%2Fmedia&parent=8116"}],"wp:term":[{"taxonomy":"category","embeddable":true,"href":"https:\/\/arroyitoonline.com.ar\/index.php?rest_route=%2Fwp%2Fv2%2Fcategories&post=8116"},{"taxonomy":"post_tag","embeddable":true,"href":"https:\/\/arroyitoonline.com.ar\/index.php?rest_route=%2Fwp%2Fv2%2Ftags&post=8116"}],"curies":[{"name":"wp","href":"https:\/\/api.w.org\/{rel}","templated":true}]}}