{"id":8129,"date":"2020-03-13T18:59:50","date_gmt":"2020-03-13T18:59:50","guid":{"rendered":"https:\/\/arroyitoonline.com.ar\/?p=8129"},"modified":"2020-03-13T20:21:54","modified_gmt":"2020-03-13T20:21:54","slug":"coronavirus-el-municipio-suspendio-eventos-y-recomendo-que-toda-actividad-social-sea-reprogramada","status":"publish","type":"post","link":"https:\/\/arroyitoonline.com.ar\/?p=8129","title":{"rendered":"Coronavirus: el Municipio suspendi\u00f3 eventos y recomend\u00f3 que toda actividad social sea reprogramada"},"content":{"rendered":"\n<p><strong>Se trata de medidas en consonancia con el DNU del presidente de la Naci\u00f3n, Alberto Fern\u00e1ndez, y el Decreto del gobernador de C\u00f3rdoba, Juan Schiaretti.<\/strong><\/p>\n\n\n\n<p>Por la situaci\u00f3n epidemiol\u00f3gica del pa\u00eds respecto al coronavirus, el Gobierno Municipal entiende que deben tomarse medidas preventivas. Es por ello que dispone la recomendaci\u00f3n de que se suspendan todas las actividades sociales.<\/p>\n\n\n\n<p>En este sentido, durante 15 d\u00edas, los eventos municipales quedan interrumpidos. Es decir que, tanto la Capacitaci\u00f3n en Emergencias M\u00e9dicas 107 (que iba a realizarse este s\u00e1bado 14 de marzo), como el Ciclo de Teatro \u201cH\u00e9rcules, el Musical\u201d (que ten\u00eda planificadas dos funciones para el s\u00e1bado 28 de marzo) ser\u00e1n reprogramados. <\/p>\n\n\n\n<p>Conformando un Comit\u00e9 de Prevenci\u00f3n del Coronavirus, el intendente Gustavo Benedetti, la viceintendente Mar\u00eda Jos\u00e9 Esp\u00f3sito, el equipo de Gobierno, referentes y directores de cl\u00ednicas privadas, presidente del Colegio M\u00e9dico, autoridades del Hospital Municipal y cura P\u00e1rroco Gabriel Camusso, convergieron en esta decisi\u00f3n.<\/p>\n\n\n\n<p>Por la tarde se reunir\u00e1n con empresarios, miembros de instituciones y comerciantes para el consenso y la determinaci\u00f3n de nuevas medidas.<\/p>\n\n\n\n<p>Destacan que la decisi\u00f3n adhiere a las recomendaciones de los Gobiernos Nacional y Provincial. El presidente de la Naci\u00f3n, a trav\u00e9s de un Decreto de Necesidad y Urgencia (DNU), ha determinado la Emergencia Sanitaria por el t\u00e9rmino de un a\u00f1o y la Provincia de C\u00f3rdoba, mediante el Comit\u00e9 de Acci\u00f3n Sanitaria, resolvi\u00f3 ayer, la suspensi\u00f3n moment\u00e1nea de los eventos deportivos, culturales y sociales de participaci\u00f3n masiva.<\/p>\n\n\n\n<p>Se exige a la poblaci\u00f3n que cumpla con las medidas evitando as\u00ed, la propagaci\u00f3n del Coronavirus. El comit\u00e9 de Acci\u00f3n Sanitaria insiste en la importancia de la responsabilidad individual en relaci\u00f3n a esta pandemia.<\/p>\n\n\n\n<p><strong>Conferencia de prensa y anuncios<\/strong><\/p>\n\n\n\n<p><em>\u201cNo tenemos en Arroyito ning\u00fan caso, pero los referentes de la Salud dan que es una pandemia que va a llegar. Lo m\u00e1s importante son los cuidados que cada uno pueda tener como vecino y el punto m\u00e1s importante tiene que ver con los espect\u00e1culos del fin de semana\u201d<\/em>, se\u00f1al\u00f3 Benedetti hace instantes, en conferencia de prensa. <\/p>\n\n\n\n<p>Tambi\u00e9n inform\u00f3 que, desde el \u00e1rea de Comercio, se comunicaron con quienes solicitaron habilitaciones para la realizaci\u00f3n de sociales, como cumplea\u00f1os y casamientos, para ver la posibilidad de modificar la fecha de estos eventos.<\/p>\n\n\n\n<p><em>&#8220;La medida va a ser para todos iguales y que no perjudique a un solo sector, para que sea un compromiso que tengamos que cumplir todos&#8221;<\/em>, indic\u00f3 el primer mandatario local.<\/p>\n\n\n\n<p>En relaci\u00f3n a los cotos de caza que funcionan en inmediaciones a la ciudad, ya han acatado la medida nacional, la cual indica que no pueden ingresar al pa\u00eds personas provenientes de lugares donde prolifera el coronavirus. <\/p>\n\n\n\n<p>En la rueda de medios tambi\u00e9n estaban el coordinador de Gabinete, Mart\u00edn Ar\u00e9valo, y la directora M\u00e9dica del Hospital Municipal Carlos J. Rodr\u00edguez, Melina Gallo.<\/p>\n\n\n\n<p>Sobre el tema, el abogado dijo que <em>\u201cEs una decisi\u00f3n compleja porque involucra y afecta a muchos sectores y tiene que tomarse en consonancia con las localidades vecinas, la Provincia y la Naci\u00f3n, pero la \u00fanica prioridad que se tomar\u00e1 en cuenta es la preservaci\u00f3n de la Salud P\u00fablica\u201d<\/em>.<\/p>\n\n\n\n<p>Por su parte, la m\u00e9dica especialista en Cardiolog\u00eda explic\u00f3 que <em>\u201cHemos tenido consultas telef\u00f3nicas de personas con responsabilidad ciudadana, que ven\u00edan desde el exterior. Estamos con todas las medidas desde hace ya 15 d\u00edas. Todav\u00eda no se inici\u00f3 el triage, porque no hubo casos sospechosos, pero estamos preparados. Tenemos la sala con consultorio de aislamiento, para pacientes con tos y fiebre, s\u00edntomas caracter\u00edsticos\u201d<\/em>. <\/p>\n\n\n\n<p><strong>Medidas vigentes<\/strong><\/p>\n\n\n\n<p>\u2022&nbsp;&nbsp; &nbsp;Recomendaci\u00f3n de suspensi\u00f3n de actividades sociales.<br>\u2022&nbsp;&nbsp;&nbsp; Lavado de manos frecuente con agua y jab\u00f3n.<br>\u2022&nbsp;&nbsp;&nbsp; Cubrirse la nariz y la boca con el pliegue del codo o usar un pa\u00f1uelo descartable al toser o estornudar; desechar el pa\u00f1uelo en un contenedor con bolsa y tapa.<\/p>\n\n\n\n<p>\u2022&nbsp;&nbsp;&nbsp; Ventilar los ambientes.<\/p>\n\n\n\n<p>\u2022&nbsp;&nbsp; &nbsp;Evitar actividades sociales.<br>\u2022&nbsp;&nbsp;&nbsp; Limpiar de manera frecuente, las superficies y los objetos que se usan aq menudo. Pueden utilizarse alcohol o lavandina dom\u00e9stica.<br>\u2022&nbsp;&nbsp;&nbsp; Ante la presencia de fiebre y s\u00edntomas respiratorios (tos, dolor de garganta o dificultad para respirar) asistir a la Guardia del Hospital Municipal para realizarse estudios m\u00e9dicos.<br>\u2022&nbsp;&nbsp;&nbsp; En caso de personas que regresen de viaje desde \u00e1reas con transmisi\u00f3n de coronavirus, aunque no presenten s\u00edntomas, se debe dar aviso telef\u00f3nico al Hospital Municipal de su arribo y permanecer en el domicilio sin concurrir al trabajo o la escuela evitando el contacto social por 14 d\u00edas.<br>\u2022&nbsp;&nbsp;&nbsp; Consulta inmediata ante la presencia de fiebre y s\u00edntomas respiratorios (tos, dolor de garganta o dificultad respiratoria), no auto medicarse, no subestimar ninguna manifestaci\u00f3n cl\u00ednica.<br>\u2022 &nbsp; Para personas de m\u00e1s de 65 a\u00f1os los riesgos son mayores, es por ello que los cuidados deben ser m\u00e1ximos.<br>\u2022&nbsp;&nbsp;&nbsp; No viajar a \u00e1reas de transmisi\u00f3n de coronavirus.<br>\u2022&nbsp;&nbsp; &nbsp;En el caso de quienes residan en instituciones para personas mayores, se recomienda evitar las visitas de personas con s\u00edntomas respiratorios y de aquellos que hayan estado en&nbsp; lugares de transmisi\u00f3n viral, en los \u00faltimos 14 d\u00edas.<br><\/p>\n\n\n\n<p>La provincia inform\u00f3, respecto al diagn\u00f3stico, que el sistema sanitario provincial garantizar\u00e1 todos los an\u00e1lisis necesarios que permitan confirmar o descartar la presencia del virus en las personas que re\u00fanan las caracter\u00edsticas cl\u00ednicas y epidemiol\u00f3gicas de la enfermedad.<\/p>\n\n\n\n<p>Desde el Gobierno Municipal piden a los vecinos que respeten las medidas con compromiso y responsabilidad estando atentos, ya que puede haber actualizaciones en la tarde de hoy y en d\u00edas sucesivos.<\/p>\n\n\n\n<p>Si ten\u00e9s dudas llam\u00e1 al Hospital Municipal Carlos J. Rodr\u00edguez: 3576 421190 | 420386 | Guardia 103.<\/p>\n\n\n\n<p>Foto: Comunicaci\u00f3n y Protocolo del Gobierno Municipal. <\/p>\n\n\n\n<div class=\"wp-block-file\"><a href=\"https:\/\/arroyitoonline.com.ar\/wp-content\/uploads\/2020\/03\/Decreto-260-2020.pdf\">Decreto Naci\u00f3n 260-2020<\/a><a href=\"https:\/\/arroyitoonline.com.ar\/wp-content\/uploads\/2020\/03\/Decreto-260-2020.pdf\" class=\"wp-block-file__button\" download>Descarga<\/a><\/div>\n\n\n\n<div class=\"wp-block-file\"><a href=\"https:\/\/arroyitoonline.com.ar\/wp-content\/uploads\/2020\/03\/Decreto-190-20.pdf\">Decreto Provincia 190-20<\/a><a href=\"https:\/\/arroyitoonline.com.ar\/wp-content\/uploads\/2020\/03\/Decreto-190-20.pdf\" class=\"wp-block-file__button\" download>Descarga<\/a><\/div>\n","protected":false},"excerpt":{"rendered":"<p>Se trata de medidas en consonancia con el DNU del presidente de la Naci\u00f3n, Alberto Fern\u00e1ndez, y el Decreto del&hellip;<\/p>\n","protected":false},"author":3,"featured_media":8130,"comment_status":"closed","ping_status":"open","sticky":false,"template":"","format":"standard","meta":{"footnotes":""},"categories":[9],"tags":[66,67,836,115,1108,351,404,405,1102,857,968,426,572,650,706],"class_list":["post-8129","post","type-post","status-publish","format-standard","has-post-thumbnail","hentry","category-infosalud","tag-arroyito","tag-arroyito-cordoba","tag-arroyito-online","tag-benedetti","tag-coronavirus","tag-espectaculos","tag-gobierno-de-cordoba","tag-gobierno-de-la-provincia","tag-gobierno-municipal","tag-gobierno-nacional","tag-gustavo-benedetti","tag-hospital","tag-noticias-de-arroyito-y-zona","tag-prevencion","tag-salud"],"_links":{"self":[{"href":"https:\/\/arroyitoonline.com.ar\/index.php?rest_route=\/wp\/v2\/posts\/8129","targetHints":{"allow":["GET"]}}],"collection":[{"href":"https:\/\/arroyitoonline.com.ar\/index.php?rest_route=\/wp\/v2\/posts"}],"about":[{"href":"https:\/\/arroyitoonline.com.ar\/index.php?rest_route=\/wp\/v2\/types\/post"}],"author":[{"embeddable":true,"href":"https:\/\/arroyitoonline.com.ar\/index.php?rest_route=\/wp\/v2\/users\/3"}],"replies":[{"embeddable":true,"href":"https:\/\/arroyitoonline.com.ar\/index.php?rest_route=%2Fwp%2Fv2%2Fcomments&post=8129"}],"version-history":[{"count":4,"href":"https:\/\/arroyitoonline.com.ar\/index.php?rest_route=\/wp\/v2\/posts\/8129\/revisions"}],"predecessor-version":[{"id":8141,"href":"https:\/\/arroyitoonline.com.ar\/index.php?rest_route=\/wp\/v2\/posts\/8129\/revisions\/8141"}],"wp:featuredmedia":[{"embeddable":true,"href":"https:\/\/arroyitoonline.com.ar\/index.php?rest_route=\/wp\/v2\/media\/8130"}],"wp:attachment":[{"href":"https:\/\/arroyitoonline.com.ar\/index.php?rest_route=%2Fwp%2Fv2%2Fmedia&parent=8129"}],"wp:term":[{"taxonomy":"category","embeddable":true,"href":"https:\/\/arroyitoonline.com.ar\/index.php?rest_route=%2Fwp%2Fv2%2Fcategories&post=8129"},{"taxonomy":"post_tag","embeddable":true,"href":"https:\/\/arroyitoonline.com.ar\/index.php?rest_route=%2Fwp%2Fv2%2Ftags&post=8129"}],"curies":[{"name":"wp","href":"https:\/\/api.w.org\/{rel}","templated":true}]}}