{"id":8139,"date":"2020-03-13T22:06:34","date_gmt":"2020-03-13T22:06:34","guid":{"rendered":"https:\/\/arroyitoonline.com.ar\/?p=8139"},"modified":"2020-03-13T22:06:44","modified_gmt":"2020-03-13T22:06:44","slug":"la-parroquia-nuestra-sra-de-la-merced-suspendio-todas-sus-actividades-programadas","status":"publish","type":"post","link":"https:\/\/arroyitoonline.com.ar\/?p=8139","title":{"rendered":"La Parroquia Nuestra Sra. de la Merced suspendi\u00f3 todas sus actividades programadas"},"content":{"rendered":"\n<p><strong>Misas, bautismos, Novena en honor al santo Cura Brochero, reuniones, V\u00eda Crucis y catequesis quedan interrumpidas hasta que el Gobierno Provincial determine lo contrario.<\/strong><\/p>\n\n\n\n<p>Ante la crisis sanitaria provocada por el coronavirus, y conforme al decreto provincial N\u00b0 0190, m\u00e1s los consejos aportados desde el Gobierno Municipal y las orientaciones del obispo de la Di\u00f3cesis de San Francisco, Mons. Sergio Buenanueva, la Parroquia Nuestra Se\u00f1ora de la Merced ha dispuesto una serie de medidas preventivas, que incluyen la suspensi\u00f3n de sus actividades programadas. <\/p>\n\n\n\n<figure class=\"wp-block-image\"><img loading=\"lazy\" decoding=\"async\" width=\"1024\" height=\"576\" src=\"https:\/\/arroyitoonline.com.ar\/wp-content\/uploads\/2020\/03\/suspensi\u00f3n-actividades-parroquia-1024x576.jpg\" alt=\"\" class=\"wp-image-8140\" srcset=\"https:\/\/arroyitoonline.com.ar\/wp-content\/uploads\/2020\/03\/suspensi\u00f3n-actividades-parroquia-1024x576.jpg 1024w, https:\/\/arroyitoonline.com.ar\/wp-content\/uploads\/2020\/03\/suspensi\u00f3n-actividades-parroquia-300x169.jpg 300w, https:\/\/arroyitoonline.com.ar\/wp-content\/uploads\/2020\/03\/suspensi\u00f3n-actividades-parroquia-768x432.jpg 768w, https:\/\/arroyitoonline.com.ar\/wp-content\/uploads\/2020\/03\/suspensi\u00f3n-actividades-parroquia.jpg 1280w\" sizes=\"auto, (max-width: 1024px) 100vw, 1024px\" \/><figcaption><em>El comunicado enviado por el cura P\u00e1rroco, presb\u00edtero Gabriel Camusso<\/em><\/figcaption><\/figure>\n\n\n\n<p>Las Misas que NO se realizar\u00e1n son: hoy viernes en El Fuertecito, las del domingo (en San Cayetano, San Jos\u00e9, San Jos\u00e9 Gabriel Brochero y la Parroquia) y las de toda la semana (martes a viernes, a las 7:30 horas), hasta tanto el Gobierno Provincial autorice para que se retome la participaci\u00f3n de personas en eventos. <\/p>\n\n\n\n<p>Adem\u00e1s, no se har\u00e1n los bautismos de ma\u00f1ana s\u00e1bado a las 18:00 horas, ni las reuniones, catequesis, formaci\u00f3n y V\u00eda Crucis. <\/p>\n\n\n\n<p>Por su parte, la Misa de ma\u00f1ana s\u00e1bado a las 20:00 horas se celebrar\u00e1 sin la presencia de fieles, pero ser\u00e1 transmitida por Canal 3 y retransmitida a las 11:00 horas del domingo, por la se\u00f1al local. <\/p>\n\n\n\n<p>Algo parecido suceder\u00e1 con la Novena en honor al santo Cura Brochero. Las Misas desde hoy viernes 13 hasta el lunes 16, a las 21:00 horas, podr\u00e1n verse por Facebook canaltres arroyito y Parroquia Nuestra Se\u00f1ora de la Merced. <\/p>\n","protected":false},"excerpt":{"rendered":"<p>Misas, bautismos, Novena en honor al santo Cura Brochero, reuniones, V\u00eda Crucis y catequesis quedan interrumpidas hasta que el Gobierno&hellip;<\/p>\n","protected":false},"author":3,"featured_media":2871,"comment_status":"closed","ping_status":"open","sticky":false,"template":"","format":"standard","meta":{"footnotes":""},"categories":[935],"tags":[66,67,836,1108,404,405,1102,572,937,941,681,706],"class_list":["post-8139","post","type-post","status-publish","format-standard","has-post-thumbnail","hentry","category-religion","tag-arroyito","tag-arroyito-cordoba","tag-arroyito-online","tag-coronavirus","tag-gobierno-de-cordoba","tag-gobierno-de-la-provincia","tag-gobierno-municipal","tag-noticias-de-arroyito-y-zona","tag-obispo-buenanueva","tag-parroquia-nuestra-senora-de-la-merced","tag-religion","tag-salud"],"_links":{"self":[{"href":"https:\/\/arroyitoonline.com.ar\/index.php?rest_route=\/wp\/v2\/posts\/8139","targetHints":{"allow":["GET"]}}],"collection":[{"href":"https:\/\/arroyitoonline.com.ar\/index.php?rest_route=\/wp\/v2\/posts"}],"about":[{"href":"https:\/\/arroyitoonline.com.ar\/index.php?rest_route=\/wp\/v2\/types\/post"}],"author":[{"embeddable":true,"href":"https:\/\/arroyitoonline.com.ar\/index.php?rest_route=\/wp\/v2\/users\/3"}],"replies":[{"embeddable":true,"href":"https:\/\/arroyitoonline.com.ar\/index.php?rest_route=%2Fwp%2Fv2%2Fcomments&post=8139"}],"version-history":[{"count":1,"href":"https:\/\/arroyitoonline.com.ar\/index.php?rest_route=\/wp\/v2\/posts\/8139\/revisions"}],"predecessor-version":[{"id":8155,"href":"https:\/\/arroyitoonline.com.ar\/index.php?rest_route=\/wp\/v2\/posts\/8139\/revisions\/8155"}],"wp:featuredmedia":[{"embeddable":true,"href":"https:\/\/arroyitoonline.com.ar\/index.php?rest_route=\/wp\/v2\/media\/2871"}],"wp:attachment":[{"href":"https:\/\/arroyitoonline.com.ar\/index.php?rest_route=%2Fwp%2Fv2%2Fmedia&parent=8139"}],"wp:term":[{"taxonomy":"category","embeddable":true,"href":"https:\/\/arroyitoonline.com.ar\/index.php?rest_route=%2Fwp%2Fv2%2Fcategories&post=8139"},{"taxonomy":"post_tag","embeddable":true,"href":"https:\/\/arroyitoonline.com.ar\/index.php?rest_route=%2Fwp%2Fv2%2Ftags&post=8139"}],"curies":[{"name":"wp","href":"https:\/\/api.w.org\/{rel}","templated":true}]}}