{"id":8156,"date":"2020-03-16T13:17:12","date_gmt":"2020-03-16T13:17:12","guid":{"rendered":"https:\/\/arroyitoonline.com.ar\/?p=8156"},"modified":"2020-03-16T13:23:51","modified_gmt":"2020-03-16T13:23:51","slug":"la-nacion-anuncio-la-suspension-de-clases-en-todos-los-niveles-y-la-provincia-adhirio","status":"publish","type":"post","link":"https:\/\/arroyitoonline.com.ar\/?p=8156","title":{"rendered":"La Naci\u00f3n anunci\u00f3 la suspensi\u00f3n de clases en todos los niveles y la Provincia adhiri\u00f3"},"content":{"rendered":"\n<p><strong>Todas las escuelas del pa\u00eds permanecer\u00e1n sin clases, entre el lunes 16 y el martes 31 de marzo. En C\u00f3rdoba se adopt\u00f3 la medida, pero funcionar\u00e1 el PAICor.<\/strong><\/p>\n\n\n\n<p>El Gobierno Nacional anunci\u00f3 ayer, la suspensi\u00f3n de las clases en las escuelas de los niveles inicial (jardines de infantes), primario y secundario de todo el pa\u00eds, desde este lunes 16 y hasta el martes 31 de marzo pr\u00f3ximo.<\/p>\n\n\n\n<p>As\u00ed lo inform\u00f3 Alberto Fern\u00e1ndez, quien encabez\u00f3 una conferencia de prensa en la Quinta Presidencial de Olivos, donde anunci\u00f3 <a href=\"https:\/\/www.infobae.com\/politica\/2020\/03\/15\/coronavirus-una-por-una-todas-las-nuevas-medidas-anunciadas-por-el-presidente-alberto-fernandez\/\">una bater\u00eda de medidas<\/a> tendientes a la detenci\u00f3n de la propagaci\u00f3n del coronavirus en la Argentina. <\/p>\n\n\n\n<p><em>\u201cSabemos que todos los casos que hemos tenido de coronavirus son importados y tenemos que tratar que tarde lo m\u00e1s posible en transformarse en un virus aut\u00f3ctono. Seguramente eso en alg\u00fan momento va a ocurrir, pero ganar tiempo es muy importante. Ganando tiempo podemos administrar la cuesti\u00f3n sanitaria\u201d<\/em>, explic\u00f3 el presidente.<\/p>\n\n\n\n<p>Dijo adem\u00e1s que las decisiones responden a una recomendaci\u00f3n de la Organizaci\u00f3n Mundial de la Salud (OMS) que cree que lleg\u00f3 el momento de que se adopten medidas dr\u00e1sticas y se ataque en conjunto la proliferaci\u00f3n del virus. <\/p>\n\n\n\n<p><strong>La adhesi\u00f3n provincial<\/strong><\/p>\n\n\n\n<p>Luego de las medidas anunciadas por el presidente de la Naci\u00f3n en virtud de la situaci\u00f3n epidemiol\u00f3gica con Coronavirus, la Provincia de C\u00f3rdoba, a trav\u00e9s del Comit\u00e9 de Acci\u00f3n Sanitaria, informa a la poblaci\u00f3n:<\/p>\n\n\n\n<p>La Provincia adhiere a las medidas dispuestas en relaci\u00f3n a la&nbsp;<strong>suspensi\u00f3n del dictado de clase en todos niveles educativos y modalidades<\/strong>,<strong>&nbsp;en instituciones de gesti\u00f3n estatal y de gesti\u00f3n privada, desde el lunes 16 y hasta el 31 de marzo.<\/strong><\/p>\n\n\n\n<p>Asimismo,&nbsp;<strong>se mantendr\u00e1n los servicios de comedores escolares para los beneficiarios de PAICor.<\/strong>&nbsp;De esta manera los equipos directivos de las instituciones educativas, deber\u00e1n garantizar la apertura de sus escuelas para tal fin, seg\u00fan horarios en los que se desarrollan las comidas; se mantienen desayunos, almuerzos y meriendas.<\/p>\n\n\n\n<figure class=\"wp-block-image\"><img decoding=\"async\" src=\"https:\/\/prensa.cba.gov.ar\/wp-content\/uploads\/2015\/02\/DSC_8453a.jpg\" alt=\"\" class=\"wp-image-146799\"\/><figcaption><em>El funcionamiento del PAICor deber\u00e1 garantizarse<\/em><\/figcaption><\/figure>\n\n\n\n<p>Adem\u00e1s, a partir del martes 17 de marzo,&nbsp;<strong>el Ministerio de Educaci\u00f3n provincial establecer\u00e1 sugerencias para todo el sistema educativo con el objetivo de organizar actividades pedag\u00f3gicas&nbsp;<\/strong>para que los estudiantes de los distintos niveles puedan realizar en sus hogares, a trav\u00e9s de distintos medios, como Internet y los que las distintas realidades lo permitan, hasta que se retome la actividad escolar.<\/p>\n\n\n\n<p>Por otra parte, se indica a los&nbsp;<strong>docentes que trabajan en escuelas<\/strong>&nbsp;de todos los niveles y modalidades, estatales y privadas,&nbsp;<strong>no concurrir el lunes 16 a sus lugares de trabajo<\/strong>. A partir del martes 17, los&nbsp;<strong>equipos directivos ir\u00e1n convocando a su personal docente&nbsp;<\/strong>en virtud de los requerimientos de las distintas estrategias pedag\u00f3gicas que se utilizar\u00e1n para que los alumnos contin\u00faen con sus trayectorias escolares.<\/p>\n\n\n\n<p>Esta medida esta orientada a disminuir al m\u00e1ximo la circulaci\u00f3n de los docentes salvo para aquellas actividades estrictamente necesarias indicadas por los equipos directivos.<\/p>\n\n\n\n<p><strong>Empleados p\u00fablicos mayores de 65<\/strong><\/p>\n\n\n\n<p>Asimismo, la Provincia adhiere a la medida de&nbsp;<strong>otorgar un esquema de licencia especial, hasta el 31 de marzo, a personas mayores de 65 a\u00f1os<\/strong>,&nbsp;las&nbsp;cuales no deber\u00e1n presentarse en sus lugares de trabajo, ya que tendr\u00e1n licencia hasta el 31.<\/p>\n\n\n\n<p>Las medidas adoptadas, tienden a colaborar con la situaci\u00f3n y minimizar la circulaci\u00f3n del coronavirus. Aunque los casos son importados, en esta fase de contenci\u00f3n y seg\u00fan recomendaciones de la OMS, ayuda quedarse en sus hogares de no ser de urgencia salir.<\/p>\n\n\n\n<p>La colaboraci\u00f3n de todas y todos, es central para controlar la situaci\u00f3n.<\/p>\n\n\n\n<p>Fuentes: Infobae y Prensa Gobierno de C\u00f3rdoba.<\/p>\n","protected":false},"excerpt":{"rendered":"<p>Todas las escuelas del pa\u00eds permanecer\u00e1n sin clases, entre el lunes 16 y el martes 31 de marzo. En C\u00f3rdoba&hellip;<\/p>\n","protected":false},"author":3,"featured_media":8158,"comment_status":"closed","ping_status":"open","sticky":false,"template":"","format":"standard","meta":{"footnotes":""},"categories":[830],"tags":[66,67,836,1108,310,348,404,405,857,572,650],"class_list":["post-8156","post","type-post","status-publish","format-standard","has-post-thumbnail","hentry","category-educacion-online","tag-arroyito","tag-arroyito-cordoba","tag-arroyito-online","tag-coronavirus","tag-educacion","tag-escuelas","tag-gobierno-de-cordoba","tag-gobierno-de-la-provincia","tag-gobierno-nacional","tag-noticias-de-arroyito-y-zona","tag-prevencion"],"_links":{"self":[{"href":"https:\/\/arroyitoonline.com.ar\/index.php?rest_route=\/wp\/v2\/posts\/8156","targetHints":{"allow":["GET"]}}],"collection":[{"href":"https:\/\/arroyitoonline.com.ar\/index.php?rest_route=\/wp\/v2\/posts"}],"about":[{"href":"https:\/\/arroyitoonline.com.ar\/index.php?rest_route=\/wp\/v2\/types\/post"}],"author":[{"embeddable":true,"href":"https:\/\/arroyitoonline.com.ar\/index.php?rest_route=\/wp\/v2\/users\/3"}],"replies":[{"embeddable":true,"href":"https:\/\/arroyitoonline.com.ar\/index.php?rest_route=%2Fwp%2Fv2%2Fcomments&post=8156"}],"version-history":[{"count":2,"href":"https:\/\/arroyitoonline.com.ar\/index.php?rest_route=\/wp\/v2\/posts\/8156\/revisions"}],"predecessor-version":[{"id":8160,"href":"https:\/\/arroyitoonline.com.ar\/index.php?rest_route=\/wp\/v2\/posts\/8156\/revisions\/8160"}],"wp:featuredmedia":[{"embeddable":true,"href":"https:\/\/arroyitoonline.com.ar\/index.php?rest_route=\/wp\/v2\/media\/8158"}],"wp:attachment":[{"href":"https:\/\/arroyitoonline.com.ar\/index.php?rest_route=%2Fwp%2Fv2%2Fmedia&parent=8156"}],"wp:term":[{"taxonomy":"category","embeddable":true,"href":"https:\/\/arroyitoonline.com.ar\/index.php?rest_route=%2Fwp%2Fv2%2Fcategories&post=8156"},{"taxonomy":"post_tag","embeddable":true,"href":"https:\/\/arroyitoonline.com.ar\/index.php?rest_route=%2Fwp%2Fv2%2Ftags&post=8156"}],"curies":[{"name":"wp","href":"https:\/\/api.w.org\/{rel}","templated":true}]}}