{"id":8161,"date":"2020-03-16T14:39:41","date_gmt":"2020-03-16T14:39:41","guid":{"rendered":"https:\/\/arroyitoonline.com.ar\/?p=8161"},"modified":"2020-03-16T14:44:25","modified_gmt":"2020-03-16T14:44:25","slug":"ipetaym-n-68-entre-las-1200-y-las-1230-entregaran-viandas-a-inscriptos-en-el-paicor","status":"publish","type":"post","link":"https:\/\/arroyitoonline.com.ar\/?p=8161","title":{"rendered":"Ipetaym N\u00b0 68: entre las 12:00 y las 12:30 entregar\u00e1n viandas a inscriptos en el PAICor"},"content":{"rendered":"\n<p><strong>As\u00ed lo inform\u00f3 el director de la escuela t\u00e9cnica, quien tambi\u00e9n explic\u00f3 que deben retirarlo los adultos responsables y no los estudiantes.<\/strong><\/p>\n\n\n\n<p>Ayer, el presidente de la Naci\u00f3n anunci\u00f3 la <a href=\"https:\/\/arroyitoonline.com.ar\/info-online\/educacion-online\/la-nacion-anuncio-la-suspension-de-clases-en-todos-los-niveles-y-la-provincia-adhirio\/\">suspensi\u00f3n de las clases en los niveles Inicial, Primario y Secundario de todas las escuelas del pa\u00eds<\/a>. A la medida adhiri\u00f3 el Gobierno de la Provincia de C\u00f3rdoba. <\/p>\n\n\n\n<p>A esta situaci\u00f3n se refiri\u00f3 el director del <strong>Ipetaym N\u00b0 68<\/strong>, <strong>Carlos Goncebat<\/strong>, quien inform\u00f3 que <em>&#8220;Se suspendi\u00f3 el ingreso de los docentes a los lugares de trabajo. Solo estamos los directivos, personal de cocina y de limpieza, vamos a diagramar las acciones a seguir&#8221;&nbsp;<\/em>y&nbsp;agreg\u00f3&nbsp;que las 10 y media de anoche recibieron la comunicaci\u00f3n oficial por parte de la Inspecci\u00f3n de Zona 10.<\/p>\n\n\n\n<p>Tambi\u00e9n comunic\u00f3 que el servicio del <strong>Programa de Asistencia Integral de C\u00f3rdoba (PAICor)<\/strong> se garantizar\u00e1 con la entrega de viandas entre las 12:00 y las 12:30 horas, desde hoy. All\u00ed se proveer\u00e1 no solo el almuerzo, sino tambi\u00e9n el producto que acompa\u00f1ar\u00eda al mate cocido del desayuno. Estos alimentos deber\u00e1n ser retirados, con un recipiente, por padres o adultos responsables, no as\u00ed por los estudiantes que tienen suspendido el acceso al establecimiento.<\/p>\n\n\n\n<p>Goncebat confirm\u00f3 adem\u00e1s que son 120 los alumnos inscriptos al Programa en el Ipetaym 68, es decir el 10% de la poblaci\u00f3n total de la instituci\u00f3n, y que este n\u00famero viene increment\u00e1ndose en los \u00faltimos a\u00f1os. En 2018 eran 70 y en 2019 creci\u00f3 hasta los 110 chicos. <\/p>\n\n\n\n<p>Sobre las medidas adoptadas opin\u00f3 que est\u00e1 de acuerdo,<em> &#8220;en tanto haya coherencia, se respeten los protocolos y que todas las acciones sean un\u00e1nimes&#8221;<\/em>, aunque <em>&#8220;va a costar implementarlas en Sudam\u00e9rica, pero nadie se puede enojar porque le pidan que tome en serio la cuarentena. Ac\u00e1 estamos hablando de vidas, la cuesti\u00f3n comercial ya estaba mal y probablemente empeore, pero sabemos lo que es prioritario. Es importante que cada uno asuma el rol social que tiene que tener. Estemos todos de acuerdo para que las medidas funcionen. Es responsabilidad social &#8220;<\/em>. <\/p>\n\n\n\n<p>Por \u00faltimo anticip\u00f3 que, pensando en la poblaci\u00f3n de riesgo y en el marco de las recomendaciones, prev\u00e9n la producci\u00f3n de alcohol en gel, pero que no cuentan con insumos suficientes, sino solos los correspondientes a la <em>&#8220;producci\u00f3n pedag\u00f3gica, cantidades muy peque\u00f1as de insumos como para que los chicos vivan la experiencia de producir estos elementos, como jab\u00f3n l\u00edquido y alcohol en gel. Nos hemos puesto a disposici\u00f3n del Municipio, acordamos con los docentes y algunos pap\u00e1s para la preparaci\u00f3n del producto, en el caso de conseguir los elementos&#8221;<\/em>.<\/p>\n\n\n\n<p><strong>Funcionamiento de PAICor en otras escuelas <\/strong><\/p>\n\n\n\n<p>A contrapelo de la acci\u00f3n emprendida por el Ipetaym 68, las escuelas Jos\u00e9 Mar\u00eda Paz y Manuel Belgrano servir\u00e1n, en ambos establecimientos, el almuerzo con normalidad, estando los comedores de las dos instituciones abiertos en el horario habitual, para que los inscriptos en el Programa asistan. <\/p>\n","protected":false},"excerpt":{"rendered":"<p>As\u00ed lo inform\u00f3 el director de la escuela t\u00e9cnica, quien tambi\u00e9n explic\u00f3 que deben retirarlo los adultos responsables y no&hellip;<\/p>\n","protected":false},"author":3,"featured_media":8162,"comment_status":"closed","ping_status":"open","sticky":false,"template":"","format":"standard","meta":{"footnotes":""},"categories":[830],"tags":[66,67,836,310,404,405,857,462,572,593,650],"class_list":["post-8161","post","type-post","status-publish","format-standard","has-post-thumbnail","hentry","category-educacion-online","tag-arroyito","tag-arroyito-cordoba","tag-arroyito-online","tag-educacion","tag-gobierno-de-cordoba","tag-gobierno-de-la-provincia","tag-gobierno-nacional","tag-ipetaym-68","tag-noticias-de-arroyito-y-zona","tag-paicor","tag-prevencion"],"_links":{"self":[{"href":"https:\/\/arroyitoonline.com.ar\/index.php?rest_route=\/wp\/v2\/posts\/8161","targetHints":{"allow":["GET"]}}],"collection":[{"href":"https:\/\/arroyitoonline.com.ar\/index.php?rest_route=\/wp\/v2\/posts"}],"about":[{"href":"https:\/\/arroyitoonline.com.ar\/index.php?rest_route=\/wp\/v2\/types\/post"}],"author":[{"embeddable":true,"href":"https:\/\/arroyitoonline.com.ar\/index.php?rest_route=\/wp\/v2\/users\/3"}],"replies":[{"embeddable":true,"href":"https:\/\/arroyitoonline.com.ar\/index.php?rest_route=%2Fwp%2Fv2%2Fcomments&post=8161"}],"version-history":[{"count":3,"href":"https:\/\/arroyitoonline.com.ar\/index.php?rest_route=\/wp\/v2\/posts\/8161\/revisions"}],"predecessor-version":[{"id":8166,"href":"https:\/\/arroyitoonline.com.ar\/index.php?rest_route=\/wp\/v2\/posts\/8161\/revisions\/8166"}],"wp:featuredmedia":[{"embeddable":true,"href":"https:\/\/arroyitoonline.com.ar\/index.php?rest_route=\/wp\/v2\/media\/8162"}],"wp:attachment":[{"href":"https:\/\/arroyitoonline.com.ar\/index.php?rest_route=%2Fwp%2Fv2%2Fmedia&parent=8161"}],"wp:term":[{"taxonomy":"category","embeddable":true,"href":"https:\/\/arroyitoonline.com.ar\/index.php?rest_route=%2Fwp%2Fv2%2Fcategories&post=8161"},{"taxonomy":"post_tag","embeddable":true,"href":"https:\/\/arroyitoonline.com.ar\/index.php?rest_route=%2Fwp%2Fv2%2Ftags&post=8161"}],"curies":[{"name":"wp","href":"https:\/\/api.w.org\/{rel}","templated":true}]}}