{"id":8181,"date":"2020-03-16T20:03:38","date_gmt":"2020-03-16T20:03:38","guid":{"rendered":"https:\/\/arroyitoonline.com.ar\/?p=8181"},"modified":"2020-03-16T20:03:39","modified_gmt":"2020-03-16T20:03:39","slug":"coronavirus-instituciones-y-empresas-aplican-medidas-preventivas","status":"publish","type":"post","link":"https:\/\/arroyitoonline.com.ar\/?p=8181","title":{"rendered":"Coronavirus: instituciones y empresas aplican medidas preventivas"},"content":{"rendered":"\n<p><strong>Tras reunirse con el intendente Benedetti y parte del Ejecutivo, AMA, Cespal, Arcor, Dulcor, entre otras entidades, acordaron acciones comunes.<\/strong><\/p>\n\n\n\n<p>Ayer, el intendente y parte del Departamento Ejecutivo Municipal mantuvieron una importante reuni\u00f3n con el Centro Comercial e Industrial de Arroyito, la Parroquia Nuestra Sra. de la Merced, la Asociaci\u00f3n Mutual Arroyito (AMA), la Agencia de Desarrollo Arroyito (ADA), la Cooperativa de Electricidad y Servicios P\u00fablicos de Arroyito Ltda. (Cespal), Grupo Arcor y Dulcor, para aunar esfuerzos y mitigar el contagio del Coronavirus (Covid &#8211; 19).<\/p>\n\n\n\n<p>Durante el encuentro se determin\u00f3 que cada una de estas instituciones, organismos y empresas, con el objetivo de que se evite el amontonamiento de personas, tomar\u00e1 las siguientes medidas preventivas:<\/p>\n\n\n\n<p>1.\u00a0\u00a0 \u00a0Instar a la poblaci\u00f3n a que permanezcan en los hogares.<\/p>\n\n\n\n<p>2.\u00a0\u00a0 \u00a0Recomendar a la poblaci\u00f3n para que realice todos los tr\u00e1mites y actividades que no sean indispensables despu\u00e9s del 31 de marzo.<\/p>\n\n\n\n<p>3.\u00a0\u00a0 \u00a0Recomendar la no circulaci\u00f3n en bares, restaurantes, cines, clubes y espacios p\u00fablicos en general.<\/p>\n\n\n\n<p>4.\u00a0\u00a0 \u00a0Cada instituci\u00f3n tomar\u00e1 las medidas preventivas de p\u00fablico conocimiento en cuanto a limpieza e higiene necesarias para la prevenci\u00f3n.<\/p>\n\n\n\n<p>Mientras tanto, desde el Gobierno Municipal piden a los vecinos que asuman el compromiso y la responsabilidad de prevenir el contagio\u00a0y evitar la circulaci\u00f3n del virus.<\/p>\n\n\n\n<p>Fuente: Comunicaci\u00f3n y Protocolo del Gobierno Municipal. <\/p>\n","protected":false},"excerpt":{"rendered":"<p>Tras reunirse con el intendente Benedetti y parte del Ejecutivo, AMA, Cespal, Arcor, Dulcor, entre otras entidades, acordaron acciones comunes.&hellip;<\/p>\n","protected":false},"author":3,"featured_media":8182,"comment_status":"closed","ping_status":"open","sticky":false,"template":"","format":"standard","meta":{"footnotes":""},"categories":[9],"tags":[59,66,67,836,79,168,183,1108,306,1102,426,556,572,706],"class_list":["post-8181","post","type-post","status-publish","format-standard","has-post-thumbnail","hentry","category-infosalud","tag-arcor","tag-arroyito","tag-arroyito-cordoba","tag-arroyito-online","tag-asociacion-mutual-arroyito","tag-centro-comercial","tag-cespal","tag-coronavirus","tag-dulcor","tag-gobierno-municipal","tag-hospital","tag-municipalidad-de-arroyito","tag-noticias-de-arroyito-y-zona","tag-salud"],"_links":{"self":[{"href":"https:\/\/arroyitoonline.com.ar\/index.php?rest_route=\/wp\/v2\/posts\/8181","targetHints":{"allow":["GET"]}}],"collection":[{"href":"https:\/\/arroyitoonline.com.ar\/index.php?rest_route=\/wp\/v2\/posts"}],"about":[{"href":"https:\/\/arroyitoonline.com.ar\/index.php?rest_route=\/wp\/v2\/types\/post"}],"author":[{"embeddable":true,"href":"https:\/\/arroyitoonline.com.ar\/index.php?rest_route=\/wp\/v2\/users\/3"}],"replies":[{"embeddable":true,"href":"https:\/\/arroyitoonline.com.ar\/index.php?rest_route=%2Fwp%2Fv2%2Fcomments&post=8181"}],"version-history":[{"count":1,"href":"https:\/\/arroyitoonline.com.ar\/index.php?rest_route=\/wp\/v2\/posts\/8181\/revisions"}],"predecessor-version":[{"id":8183,"href":"https:\/\/arroyitoonline.com.ar\/index.php?rest_route=\/wp\/v2\/posts\/8181\/revisions\/8183"}],"wp:featuredmedia":[{"embeddable":true,"href":"https:\/\/arroyitoonline.com.ar\/index.php?rest_route=\/wp\/v2\/media\/8182"}],"wp:attachment":[{"href":"https:\/\/arroyitoonline.com.ar\/index.php?rest_route=%2Fwp%2Fv2%2Fmedia&parent=8181"}],"wp:term":[{"taxonomy":"category","embeddable":true,"href":"https:\/\/arroyitoonline.com.ar\/index.php?rest_route=%2Fwp%2Fv2%2Fcategories&post=8181"},{"taxonomy":"post_tag","embeddable":true,"href":"https:\/\/arroyitoonline.com.ar\/index.php?rest_route=%2Fwp%2Fv2%2Ftags&post=8181"}],"curies":[{"name":"wp","href":"https:\/\/api.w.org\/{rel}","templated":true}]}}