{"id":8184,"date":"2020-03-16T23:53:58","date_gmt":"2020-03-16T23:53:58","guid":{"rendered":"https:\/\/arroyitoonline.com.ar\/?p=8184"},"modified":"2020-03-16T23:54:00","modified_gmt":"2020-03-16T23:54:00","slug":"coronavirus-el-tribunal-superior-de-justicia-de-cordoba-dispuso-un-receso-extraordinario","status":"publish","type":"post","link":"https:\/\/arroyitoonline.com.ar\/?p=8184","title":{"rendered":"Coronavirus: el Tribunal Superior de Justicia de C\u00f3rdoba dispuso un receso extraordinario"},"content":{"rendered":"\n<p><strong>Tendr\u00e1 la modalidad operativa de una feria judicial y\u00a0se extender\u00e1 desde el martes 17 hasta el martes 31 de marzo, inclusive. <\/strong><\/p>\n\n\n\n<p>El <strong>Tribunal Superior de Justicia de C\u00f3rdoba (TSJ)<\/strong> dispuso esta tarde, un <strong>receso judicial extraordinario<\/strong> por razones sanitarias, con la finalidad de que se evite o reduzca la propagaci\u00f3n del coronavirus (Covid 19).<\/p>\n\n\n\n<p>Este parate de actividades tendr\u00e1 la modalidad operativa de una feria judicial y\u00a0se extender\u00e1 desde el martes 17 hasta el martes 31 de marzo, inclusive. Adem\u00e1s, durante ese per\u00edodo se suspenden los plazos procesales y administrativos.<\/p>\n\n\n\n<p>Esta decisi\u00f3n fue adoptada por el Alto Cuerpo en base a las recomendaciones de las autoridades sanitarias y del equipo interdisciplinario convocado por la Administraci\u00f3n General. La medida tambi\u00e9n hab\u00eda sido solicitada por la Asociaci\u00f3n de Magistrados y Funcionarios Judiciales de la Provincia de C\u00f3rdoba, Asociaci\u00f3n Gremial de Empleados del Poder Judicial (Agepj), el Colegio de Abogados de C\u00f3rdoba y otros operadores judiciales. <\/p>\n\n\n\n<p>En breve, el TSJ publicar\u00e1 el\nacuerdo reglamentario completo con todos los detalles de la resoluci\u00f3n\nadoptada.<\/p>\n","protected":false},"excerpt":{"rendered":"<p>Tendr\u00e1 la modalidad operativa de una feria judicial y\u00a0se extender\u00e1 desde el martes 17 hasta el martes 31 de marzo,&hellip;<\/p>\n","protected":false},"author":3,"featured_media":8185,"comment_status":"closed","ping_status":"open","sticky":false,"template":"","format":"standard","meta":{"footnotes":""},"categories":[1111],"tags":[66,67,836,244,1108,478,572,650,890],"class_list":["post-8184","post","type-post","status-publish","format-standard","has-post-thumbnail","hentry","category-justicia","tag-arroyito","tag-arroyito-cordoba","tag-arroyito-online","tag-cordoba","tag-coronavirus","tag-justicia","tag-noticias-de-arroyito-y-zona","tag-prevencion","tag-tribunales"],"_links":{"self":[{"href":"https:\/\/arroyitoonline.com.ar\/index.php?rest_route=\/wp\/v2\/posts\/8184","targetHints":{"allow":["GET"]}}],"collection":[{"href":"https:\/\/arroyitoonline.com.ar\/index.php?rest_route=\/wp\/v2\/posts"}],"about":[{"href":"https:\/\/arroyitoonline.com.ar\/index.php?rest_route=\/wp\/v2\/types\/post"}],"author":[{"embeddable":true,"href":"https:\/\/arroyitoonline.com.ar\/index.php?rest_route=\/wp\/v2\/users\/3"}],"replies":[{"embeddable":true,"href":"https:\/\/arroyitoonline.com.ar\/index.php?rest_route=%2Fwp%2Fv2%2Fcomments&post=8184"}],"version-history":[{"count":1,"href":"https:\/\/arroyitoonline.com.ar\/index.php?rest_route=\/wp\/v2\/posts\/8184\/revisions"}],"predecessor-version":[{"id":8186,"href":"https:\/\/arroyitoonline.com.ar\/index.php?rest_route=\/wp\/v2\/posts\/8184\/revisions\/8186"}],"wp:featuredmedia":[{"embeddable":true,"href":"https:\/\/arroyitoonline.com.ar\/index.php?rest_route=\/wp\/v2\/media\/8185"}],"wp:attachment":[{"href":"https:\/\/arroyitoonline.com.ar\/index.php?rest_route=%2Fwp%2Fv2%2Fmedia&parent=8184"}],"wp:term":[{"taxonomy":"category","embeddable":true,"href":"https:\/\/arroyitoonline.com.ar\/index.php?rest_route=%2Fwp%2Fv2%2Fcategories&post=8184"},{"taxonomy":"post_tag","embeddable":true,"href":"https:\/\/arroyitoonline.com.ar\/index.php?rest_route=%2Fwp%2Fv2%2Ftags&post=8184"}],"curies":[{"name":"wp","href":"https:\/\/api.w.org\/{rel}","templated":true}]}}